{"id":1117,"date":"2017-08-23T13:39:25","date_gmt":"2017-08-23T13:39:25","guid":{"rendered":"http:\/\/ijandev-test.fi.uncoma.edu.ar\/Wordpress\/index.php\/2017\/08\/23\/2das-jornadas-de-investigacion-y-extension-en-la-fai\/"},"modified":"2022-02-06T22:05:39","modified_gmt":"2022-02-07T01:05:39","slug":"2das-jornadas-de-investigacion-y-extension-en-la-fai","status":"publish","type":"post","link":"https:\/\/www.fi.uncoma.edu.ar\/index.php\/novedades\/2das-jornadas-de-investigacion-y-extension-en-la-fai\/","title":{"rendered":"Invitaci\u00f3n a las 2das Jornadas de Investigaci\u00f3n y Extensi\u00f3n en la FAI"},"content":{"rendered":"<p style=\"text-align: justify;\">Tenemos el agrado de anunciar la realizaci&oacute;n de las&nbsp;2das&nbsp;Jornadas&nbsp;de Investigaci&oacute;n y Extensi&oacute;n&nbsp;de la Facultad de Inform&aacute;tica los d&iacute;as 30 y 31 de agosto, en horas de la tarde,&nbsp;en el Sal&oacute;n Azul de la Biblioteca Central UNCo.&nbsp;<\/p>\n<p style=\"text-align: justify;\">El objetivo de las mismas es dar a conocer los proyectos y actividades de Investigaci&oacute;n&nbsp;y Extensi&oacute;n que se desarrollan en la Facultad. En esta oportunidad, adem&aacute;s, contaremos con la presencia de empresas y organismos que brindar&aacute;n charlas sobre las diferentes posibilidades de desarrollo laboral que hay en la regi&oacute;n.<\/p>\n<p style=\"text-align: justify;\">Esperando contar con su presencia, solicitamos nos confirmen asistencia a <a href=\"mailto:secretaria.extension@fi.uncoma.edu.ar\" target=\"_blank\" rel=\"noopener\">secretaria.extension@fi.<wbr \/>uncoma.edu.ar<\/a><\/p>\n<p style=\"text-align: justify;\">Con el fin de fomentar la participaci&oacute;n, las Jornadas fueron declaradas de Inter&eacute;s Acad&eacute;mico y Administrativo (Resoluci&oacute;n&nbsp;Decanato FAIF N&deg; 187\/17) y con ASUETO ACAD&Eacute;MICO a partir de las 15 hs.<\/p>\n<p style=\"text-align: justify;\"><a href=\"http:\/\/ijandev-test.fi.uncoma.edu.ar\/Wordpress\/wp-content\/uploads\/2017\/08\/Cronograma2dasJornadasFAI.pdf\" target=\"_blank\" rel=\"noopener\">[Cronograma de charlas]<\/a><\/p>\n<p>&nbsp;<img loading=\"lazy\" class=\" size-full wp-image-1115\" src=\"http:\/\/ijandev-test.fi.uncoma.edu.ar\/Wordpress\/wp-content\/uploads\/2017\/08\/PosterJornada.jpg\" alt=\"PosterJornada\" width=\"500\" height=\"707\" style=\"display: block; margin-left: auto; margin-right: auto;\" \/><\/p>\n","protected":false},"excerpt":{"rendered":"<p>Tenemos el agrado de anunciar la realizaci&oacute;n de las&nbsp;2das&nbsp;Jornadas&nbsp;de Investigaci&oacute;n y Extensi&oacute;n&nbsp;de la Facultad de Inform&aacute;tica los d&iacute;as 30 y 31 de agosto, en horas de la tarde,&nbsp;en el Sal&oacute;n Azul de la Biblioteca Central UNCo.&nbsp; El objetivo de las mismas es dar a conocer los proyectos y actividades de Investigaci&oacute;n&nbsp;y Extensi&oacute;n que se desarrollan &hellip;<\/p>\n<p class=\"read-more\"> <a class=\"\" href=\"https:\/\/www.fi.uncoma.edu.ar\/index.php\/novedades\/2das-jornadas-de-investigacion-y-extension-en-la-fai\/\"> <span class=\"screen-reader-text\">Invitaci\u00f3n a las 2das Jornadas de Investigaci\u00f3n y Extensi\u00f3n en la FAI<\/span> Leer m\u00e1s &raquo;<\/a><\/p>\n","protected":false},"author":1,"featured_media":1115,"comment_status":"closed","ping_status":"open","sticky":false,"template":"","format":"standard","meta":{"site-sidebar-layout":"default","site-content-layout":"default","ast-global-header-display":"","ast-main-header-display":"","ast-hfb-above-header-display":"","ast-hfb-below-header-display":"","ast-hfb-mobile-header-display":"","site-post-title":"","ast-breadcrumbs-content":"","ast-featured-img":"","footer-sml-layout":"","theme-transparent-header-meta":"","adv-header-id-meta":"","stick-header-meta":"","header-above-stick-meta":"","header-main-stick-meta":"","header-below-stick-meta":""},"categories":[3],"tags":[],"uagb_featured_image_src":{"full":["https:\/\/www.fi.uncoma.edu.ar\/wp-content\/uploads\/2017\/08\/PosterJornada.jpg",794,1123,false],"thumbnail":["https:\/\/www.fi.uncoma.edu.ar\/wp-content\/uploads\/2017\/08\/PosterJornada.jpg",106,150,false],"medium":["https:\/\/www.fi.uncoma.edu.ar\/wp-content\/uploads\/2017\/08\/PosterJornada.jpg",212,300,false],"medium_large":["https:\/\/www.fi.uncoma.edu.ar\/wp-content\/uploads\/2017\/08\/PosterJornada.jpg",768,1086,false],"large":["https:\/\/www.fi.uncoma.edu.ar\/wp-content\/uploads\/2017\/08\/PosterJornada.jpg",724,1024,false],"1536x1536":["https:\/\/www.fi.uncoma.edu.ar\/wp-content\/uploads\/2017\/08\/PosterJornada.jpg",794,1123,false],"2048x2048":["https:\/\/www.fi.uncoma.edu.ar\/wp-content\/uploads\/2017\/08\/PosterJornada.jpg",794,1123,false]},"uagb_author_info":{"display_name":"ufai","author_link":"https:\/\/www.fi.uncoma.edu.ar\/index.php\/author\/ufai\/"},"uagb_comment_info":0,"uagb_excerpt":"Tenemos el agrado de anunciar la realizaci&oacute;n de las&nbsp;2das&nbsp;Jornadas&nbsp;de Investigaci&oacute;n y Extensi&oacute;n&nbsp;de la Facultad de Inform&aacute;tica los d&iacute;as 30 y 31 de agosto, en horas de la tarde,&nbsp;en el Sal&oacute;n Azul de la Biblioteca Central UNCo.&nbsp; El objetivo de las mismas es dar a conocer los proyectos y actividades de Investigaci&oacute;n&nbsp;y Extensi&oacute;n que se desarrollan&hellip;","_links":{"self":[{"href":"https:\/\/www.fi.uncoma.edu.ar\/index.php\/wp-json\/wp\/v2\/posts\/1117"}],"collection":[{"href":"https:\/\/www.fi.uncoma.edu.ar\/index.php\/wp-json\/wp\/v2\/posts"}],"about":[{"href":"https:\/\/www.fi.uncoma.edu.ar\/index.php\/wp-json\/wp\/v2\/types\/post"}],"author":[{"embeddable":true,"href":"https:\/\/www.fi.uncoma.edu.ar\/index.php\/wp-json\/wp\/v2\/users\/1"}],"replies":[{"embeddable":true,"href":"https:\/\/www.fi.uncoma.edu.ar\/index.php\/wp-json\/wp\/v2\/comments?post=1117"}],"version-history":[{"count":1,"href":"https:\/\/www.fi.uncoma.edu.ar\/index.php\/wp-json\/wp\/v2\/posts\/1117\/revisions"}],"predecessor-version":[{"id":7957,"href":"https:\/\/www.fi.uncoma.edu.ar\/index.php\/wp-json\/wp\/v2\/posts\/1117\/revisions\/7957"}],"wp:featuredmedia":[{"embeddable":true,"href":"https:\/\/www.fi.uncoma.edu.ar\/index.php\/wp-json\/wp\/v2\/media\/1115"}],"wp:attachment":[{"href":"https:\/\/www.fi.uncoma.edu.ar\/index.php\/wp-json\/wp\/v2\/media?parent=1117"}],"wp:term":[{"taxonomy":"category","embeddable":true,"href":"https:\/\/www.fi.uncoma.edu.ar\/index.php\/wp-json\/wp\/v2\/categories?post=1117"},{"taxonomy":"post_tag","embeddable":true,"href":"https:\/\/www.fi.uncoma.edu.ar\/index.php\/wp-json\/wp\/v2\/tags?post=1117"}],"curies":[{"name":"wp","href":"https:\/\/api.w.org\/{rel}","templated":true}]}}