{"id":1631,"date":"2019-12-12T09:00:00","date_gmt":"2019-12-12T09:00:00","guid":{"rendered":"http:\/\/ijandev-test.fi.uncoma.edu.ar\/Wordpress\/index.php\/2019\/12\/12\/acto-academico-de-colacion-de-grados-diciembre-2019\/"},"modified":"2022-09-16T14:08:44","modified_gmt":"2022-09-16T17:08:44","slug":"acto-academico-de-colacion-de-grados-diciembre-2019","status":"publish","type":"post","link":"https:\/\/www.fi.uncoma.edu.ar\/index.php\/academica\/colaciones-de-grado\/acto-academico-de-colacion-de-grados-diciembre-2019\/","title":{"rendered":"Acto Acad\u00e9mico de Colaci\u00f3n de Grados &#8211; Diciembre 2019"},"content":{"rendered":"\t\t<div data-elementor-type=\"wp-post\" data-elementor-id=\"1631\" class=\"elementor elementor-1631\">\n\t\t\t\t\t\t\t\t\t<section class=\"elementor-section elementor-top-section elementor-element elementor-element-3e949b2 elementor-section-boxed elementor-section-height-default elementor-section-height-default\" data-id=\"3e949b2\" data-element_type=\"section\">\n\t\t\t\t\t\t<div class=\"elementor-container elementor-column-gap-default\">\n\t\t\t\t\t<div class=\"elementor-column elementor-col-100 elementor-top-column elementor-element elementor-element-e389332\" data-id=\"e389332\" data-element_type=\"column\">\n\t\t\t<div class=\"elementor-widget-wrap elementor-element-populated\">\n\t\t\t\t\t\t\t\t<div class=\"elementor-element elementor-element-34994f63 elementor-widget elementor-widget-text-editor\" data-id=\"34994f63\" data-element_type=\"widget\" data-widget_type=\"text-editor.default\">\n\t\t\t\t<div class=\"elementor-widget-container\">\n\t\t\t<style>\/*! elementor - v3.6.7 - 03-07-2022 *\/\n.elementor-widget-text-editor.elementor-drop-cap-view-stacked .elementor-drop-cap{background-color:#818a91;color:#fff}.elementor-widget-text-editor.elementor-drop-cap-view-framed .elementor-drop-cap{color:#818a91;border:3px solid;background-color:transparent}.elementor-widget-text-editor:not(.elementor-drop-cap-view-default) .elementor-drop-cap{margin-top:8px}.elementor-widget-text-editor:not(.elementor-drop-cap-view-default) .elementor-drop-cap-letter{width:1em;height:1em}.elementor-widget-text-editor .elementor-drop-cap{float:left;text-align:center;line-height:1;font-size:50px}.elementor-widget-text-editor .elementor-drop-cap-letter{display:inline-block}<\/style>\t\t\t\t<h3 style=\"text-align: left;\">Acto de Jura y Colaci\u00f3n de Grados &#8211; Diciembre 2019<\/h3><p><span class=\"fbPhotoCaptionText\">El d\u00eda <strong>12 de septiembre de 2019<\/strong> se realiz\u00f3 en el Aula Magna de nuestra Universidad, el Acto Acad\u00e9mico de Jura y Entrega de Diplomas de la Facultad de Inform\u00e1tica. <\/span><\/p><p><em>Felicitamos a nuestr@s graduad@s!<\/em><\/p><p><strong>Licenciatura en Ciencias de la Computaci\u00f3n<\/strong><\/p><ul style=\"margin-top: 0px; margin-bottom: 10px; color: #444444; font-family: Verdana, sans-serif; font-size: 12px;\"><li>Cristian Daniel MORA<\/li><li>Angela Ailen OYARZUN<\/li><\/ul><p><strong>Analista Programador Universitario<\/strong><\/p><ul style=\"margin-top: 0px; margin-bottom: 10px; color: #444444; font-family: Verdana, sans-serif; font-size: 12px;\"><li><p>Marcelo Gast\u00f3n MUZAS<\/p><\/li><\/ul><p><strong>T\u00e9cnicatura Universitaria en Desarrollo Web<\/strong><\/p><ul style=\"margin-top: 0px; margin-bottom: 10px; color: #444444; font-family: Verdana, sans-serif; font-size: 12px;\"><li>Karen Daiana Maive FARIAS<\/li><li>William Unelen VALLEJOS<\/li><li>Nahuel Alejandro VAZQUEZ BENEDICTI<\/li><\/ul>\t\t\t\t\t\t<\/div>\n\t\t\t\t<\/div>\n\t\t\t\t\t<\/div>\n\t\t<\/div>\n\t\t\t\t\t\t\t<\/div>\n\t\t<\/section>\n\t\t\t\t<section class=\"elementor-section elementor-top-section elementor-element elementor-element-a2b206e elementor-section-boxed elementor-section-height-default elementor-section-height-default\" data-id=\"a2b206e\" data-element_type=\"section\">\n\t\t\t\t\t\t<div class=\"elementor-container elementor-column-gap-default\">\n\t\t\t\t\t<div class=\"elementor-column elementor-col-100 elementor-top-column elementor-element elementor-element-274395f\" data-id=\"274395f\" data-element_type=\"column\">\n\t\t\t<div class=\"elementor-widget-wrap elementor-element-populated\">\n\t\t\t\t\t\t\t\t<div class=\"elementor-element elementor-element-1f7dcf7 elementor-widget elementor-widget-image\" data-id=\"1f7dcf7\" data-element_type=\"widget\" data-widget_type=\"image.default\">\n\t\t\t\t<div class=\"elementor-widget-container\">\n\t\t\t<style>\/*! elementor - v3.6.7 - 03-07-2022 *\/\n.elementor-widget-image{text-align:center}.elementor-widget-image a{display:inline-block}.elementor-widget-image a img[src$=\".svg\"]{width:48px}.elementor-widget-image img{vertical-align:middle;display:inline-block}<\/style>\t\t\t\t\t\t\t\t\t\t\t\t<img width=\"768\" height=\"555\" src=\"https:\/\/www.fi.uncoma.edu.ar\/wp-content\/uploads\/2019\/12\/egresados-diciembre-2019-768x555.jpg\" class=\"attachment-medium_large size-medium_large\" alt=\"\" loading=\"lazy\" srcset=\"https:\/\/www.fi.uncoma.edu.ar\/wp-content\/uploads\/2019\/12\/egresados-diciembre-2019-768x555.jpg 768w, https:\/\/www.fi.uncoma.edu.ar\/wp-content\/uploads\/2019\/12\/egresados-diciembre-2019-300x217.jpg 300w, https:\/\/www.fi.uncoma.edu.ar\/wp-content\/uploads\/2019\/12\/egresados-diciembre-2019.jpg 900w\" sizes=\"(max-width: 768px) 100vw, 768px\" \/>\t\t\t\t\t\t\t\t\t\t\t\t\t\t\t<\/div>\n\t\t\t\t<\/div>\n\t\t\t\t\t<\/div>\n\t\t<\/div>\n\t\t\t\t\t\t\t<\/div>\n\t\t<\/section>\n\t\t\t\t<section class=\"elementor-section elementor-top-section elementor-element elementor-element-463bb42b elementor-section-boxed elementor-section-height-default elementor-section-height-default\" data-id=\"463bb42b\" data-element_type=\"section\">\n\t\t\t\t\t\t<div class=\"elementor-container elementor-column-gap-default\">\n\t\t\t\t\t<div class=\"elementor-column elementor-col-100 elementor-top-column elementor-element elementor-element-48b0552b\" data-id=\"48b0552b\" data-element_type=\"column\">\n\t\t\t<div class=\"elementor-widget-wrap elementor-element-populated\">\n\t\t\t\t\t\t\t\t<div class=\"elementor-element elementor-element-193db13d elementor-view-stacked elementor-shape-circle elementor-widget elementor-widget-icon\" data-id=\"193db13d\" data-element_type=\"widget\" data-widget_type=\"icon.default\">\n\t\t\t\t<div class=\"elementor-widget-container\">\n\t\t\t\t\t<div class=\"elementor-icon-wrapper\">\n\t\t\t<a class=\"elementor-icon\" href=\"https:\/\/www.facebook.com\/pg\/FAI-Facultad-de-Inform%C3%A1tica-UNCo-185003921537235\/photos\/?tab=album&#038;album_id=2539578039413133\">\n\t\t\t<i aria-hidden=\"true\" class=\"fas fa-photo-video\"><\/i>\t\t\t<\/a>\n\t\t<\/div>\n\t\t\t\t<\/div>\n\t\t\t\t<\/div>\n\t\t\t\t<div class=\"elementor-element elementor-element-459730df elementor-widget elementor-widget-heading\" data-id=\"459730df\" data-element_type=\"widget\" data-widget_type=\"heading.default\">\n\t\t\t\t<div class=\"elementor-widget-container\">\n\t\t\t<style>\/*! elementor - v3.6.7 - 03-07-2022 *\/\n.elementor-heading-title{padding:0;margin:0;line-height:1}.elementor-widget-heading .elementor-heading-title[class*=elementor-size-]>a{color:inherit;font-size:inherit;line-height:inherit}.elementor-widget-heading .elementor-heading-title.elementor-size-small{font-size:15px}.elementor-widget-heading .elementor-heading-title.elementor-size-medium{font-size:19px}.elementor-widget-heading .elementor-heading-title.elementor-size-large{font-size:29px}.elementor-widget-heading .elementor-heading-title.elementor-size-xl{font-size:39px}.elementor-widget-heading .elementor-heading-title.elementor-size-xxl{font-size:59px}<\/style><h5 class=\"elementor-heading-title elementor-size-default\"><a href=\"https:\/\/www.facebook.com\/pg\/FAI-Facultad-de-Inform%C3%A1tica-UNCo-185003921537235\/photos\/?tab=album&#038;album_id=2539578039413133\">Ver m\u00e1s fotos<\/a><\/h5>\t\t<\/div>\n\t\t\t\t<\/div>\n\t\t\t\t\t<\/div>\n\t\t<\/div>\n\t\t\t\t\t\t\t<\/div>\n\t\t<\/section>\n\t\t\t\t\t\t\t<\/div>\n\t\t","protected":false},"excerpt":{"rendered":"<p>El d\u00eda 12 de septiembre de 2019 se realiz\u00f3 en el Aula Magna de nuestra Universidad, el Acto Acad\u00e9mico de Jura y Entrega de Diplomas de la Facultad de Inform\u00e1tica.<\/p>\n","protected":false},"author":1,"featured_media":6979,"comment_status":"closed","ping_status":"open","sticky":false,"template":"","format":"standard","meta":{"site-sidebar-layout":"default","site-content-layout":"default","ast-global-header-display":"","ast-main-header-display":"","ast-hfb-above-header-display":"","ast-hfb-below-header-display":"","ast-hfb-mobile-header-display":"","site-post-title":"","ast-breadcrumbs-content":"","ast-featured-img":"","footer-sml-layout":"","theme-transparent-header-meta":"","adv-header-id-meta":"","stick-header-meta":"","header-above-stick-meta":"","header-main-stick-meta":"","header-below-stick-meta":""},"categories":[15],"tags":[],"uagb_featured_image_src":{"full":["https:\/\/www.fi.uncoma.edu.ar\/wp-content\/uploads\/2019\/12\/egresados-diciembre-2019.jpg",900,650,false],"thumbnail":["https:\/\/www.fi.uncoma.edu.ar\/wp-content\/uploads\/2019\/12\/egresados-diciembre-2019-150x150.jpg",150,150,true],"medium":["https:\/\/www.fi.uncoma.edu.ar\/wp-content\/uploads\/2019\/12\/egresados-diciembre-2019-300x217.jpg",300,217,true],"medium_large":["https:\/\/www.fi.uncoma.edu.ar\/wp-content\/uploads\/2019\/12\/egresados-diciembre-2019-768x555.jpg",768,555,true],"large":["https:\/\/www.fi.uncoma.edu.ar\/wp-content\/uploads\/2019\/12\/egresados-diciembre-2019.jpg",900,650,false],"1536x1536":["https:\/\/www.fi.uncoma.edu.ar\/wp-content\/uploads\/2019\/12\/egresados-diciembre-2019.jpg",900,650,false],"2048x2048":["https:\/\/www.fi.uncoma.edu.ar\/wp-content\/uploads\/2019\/12\/egresados-diciembre-2019.jpg",900,650,false]},"uagb_author_info":{"display_name":"ufai","author_link":"https:\/\/www.fi.uncoma.edu.ar\/index.php\/author\/ufai\/"},"uagb_comment_info":0,"uagb_excerpt":"El d\u00eda 12 de septiembre de 2019 se realiz\u00f3 en el Aula Magna de nuestra Universidad, el Acto Acad\u00e9mico de Jura y Entrega de Diplomas de la Facultad de Inform\u00e1tica.","_links":{"self":[{"href":"https:\/\/www.fi.uncoma.edu.ar\/index.php\/wp-json\/wp\/v2\/posts\/1631"}],"collection":[{"href":"https:\/\/www.fi.uncoma.edu.ar\/index.php\/wp-json\/wp\/v2\/posts"}],"about":[{"href":"https:\/\/www.fi.uncoma.edu.ar\/index.php\/wp-json\/wp\/v2\/types\/post"}],"author":[{"embeddable":true,"href":"https:\/\/www.fi.uncoma.edu.ar\/index.php\/wp-json\/wp\/v2\/users\/1"}],"replies":[{"embeddable":true,"href":"https:\/\/www.fi.uncoma.edu.ar\/index.php\/wp-json\/wp\/v2\/comments?post=1631"}],"version-history":[{"count":21,"href":"https:\/\/www.fi.uncoma.edu.ar\/index.php\/wp-json\/wp\/v2\/posts\/1631\/revisions"}],"predecessor-version":[{"id":18927,"href":"https:\/\/www.fi.uncoma.edu.ar\/index.php\/wp-json\/wp\/v2\/posts\/1631\/revisions\/18927"}],"wp:featuredmedia":[{"embeddable":true,"href":"https:\/\/www.fi.uncoma.edu.ar\/index.php\/wp-json\/wp\/v2\/media\/6979"}],"wp:attachment":[{"href":"https:\/\/www.fi.uncoma.edu.ar\/index.php\/wp-json\/wp\/v2\/media?parent=1631"}],"wp:term":[{"taxonomy":"category","embeddable":true,"href":"https:\/\/www.fi.uncoma.edu.ar\/index.php\/wp-json\/wp\/v2\/categories?post=1631"},{"taxonomy":"post_tag","embeddable":true,"href":"https:\/\/www.fi.uncoma.edu.ar\/index.php\/wp-json\/wp\/v2\/tags?post=1631"}],"curies":[{"name":"wp","href":"https:\/\/api.w.org\/{rel}","templated":true}]}}