{"id":1635,"date":"2019-12-29T02:18:48","date_gmt":"2019-12-29T02:18:48","guid":{"rendered":"http:\/\/ijandev-test.fi.uncoma.edu.ar\/Wordpress\/index.php\/2019\/12\/29\/pesar-por-el-fallecimiento-de-eduardo-grosclaude\/"},"modified":"2022-02-06T22:03:41","modified_gmt":"2022-02-07T01:03:41","slug":"pesar-por-el-fallecimiento-de-eduardo-grosclaude","status":"publish","type":"post","link":"https:\/\/www.fi.uncoma.edu.ar\/index.php\/novedades\/pesar-por-el-fallecimiento-de-eduardo-grosclaude\/","title":{"rendered":"Pesar por el fallecimiento de Eduardo Grosclaude"},"content":{"rendered":"<div>La comunidad de la FAI lamenta profundamente el fallecimiento del docente Eduardo Grosclaude (el Oso), ocurrido el d\u00eda 28 de diciembre de 2019.<\/div>\n<div>En este momento de suma tristeza, quienes tuvimos la suerte de conocer y descubrir su don de bien, sabidur\u00eda y generosidad, acompa\u00f1amos a sus familiares.<\/div>\n<div>Oso querido, te vamos a extra\u00f1ar y recordar siempre.<\/div>\n","protected":false},"excerpt":{"rendered":"<p>La comunidad de la FAI lamenta profundamente el fallecimiento del docente Eduardo Grosclaude (el Oso), ocurrido el d\u00eda 28 de diciembre de 2019. En este momento de suma tristeza, quienes tuvimos la suerte de conocer y descubrir su don de bien, sabidur\u00eda y generosidad, acompa\u00f1amos a sus familiares. Oso querido, te vamos a extra\u00f1ar y &hellip;<\/p>\n<p class=\"read-more\"> <a class=\"\" href=\"https:\/\/www.fi.uncoma.edu.ar\/index.php\/novedades\/pesar-por-el-fallecimiento-de-eduardo-grosclaude\/\"> <span class=\"screen-reader-text\">Pesar por el fallecimiento de Eduardo Grosclaude<\/span> Leer m\u00e1s &raquo;<\/a><\/p>\n","protected":false},"author":1,"featured_media":0,"comment_status":"closed","ping_status":"open","sticky":false,"template":"","format":"standard","meta":{"site-sidebar-layout":"default","site-content-layout":"default","ast-global-header-display":"","ast-main-header-display":"","ast-hfb-above-header-display":"","ast-hfb-below-header-display":"","ast-hfb-mobile-header-display":"","site-post-title":"","ast-breadcrumbs-content":"","ast-featured-img":"","footer-sml-layout":"","theme-transparent-header-meta":"","adv-header-id-meta":"","stick-header-meta":"","header-above-stick-meta":"","header-main-stick-meta":"","header-below-stick-meta":""},"categories":[3],"tags":[],"uagb_featured_image_src":{"full":false,"thumbnail":false,"medium":false,"medium_large":false,"large":false,"1536x1536":false,"2048x2048":false},"uagb_author_info":{"display_name":"ufai","author_link":"https:\/\/www.fi.uncoma.edu.ar\/index.php\/author\/ufai\/"},"uagb_comment_info":0,"uagb_excerpt":"La comunidad de la FAI lamenta profundamente el fallecimiento del docente Eduardo Grosclaude (el Oso), ocurrido el d\u00eda 28 de diciembre de 2019. En este momento de suma tristeza, quienes tuvimos la suerte de conocer y descubrir su don de bien, sabidur\u00eda y generosidad, acompa\u00f1amos a sus familiares. Oso querido, te vamos a extra\u00f1ar y&hellip;","_links":{"self":[{"href":"https:\/\/www.fi.uncoma.edu.ar\/index.php\/wp-json\/wp\/v2\/posts\/1635"}],"collection":[{"href":"https:\/\/www.fi.uncoma.edu.ar\/index.php\/wp-json\/wp\/v2\/posts"}],"about":[{"href":"https:\/\/www.fi.uncoma.edu.ar\/index.php\/wp-json\/wp\/v2\/types\/post"}],"author":[{"embeddable":true,"href":"https:\/\/www.fi.uncoma.edu.ar\/index.php\/wp-json\/wp\/v2\/users\/1"}],"replies":[{"embeddable":true,"href":"https:\/\/www.fi.uncoma.edu.ar\/index.php\/wp-json\/wp\/v2\/comments?post=1635"}],"version-history":[{"count":1,"href":"https:\/\/www.fi.uncoma.edu.ar\/index.php\/wp-json\/wp\/v2\/posts\/1635\/revisions"}],"predecessor-version":[{"id":7737,"href":"https:\/\/www.fi.uncoma.edu.ar\/index.php\/wp-json\/wp\/v2\/posts\/1635\/revisions\/7737"}],"wp:attachment":[{"href":"https:\/\/www.fi.uncoma.edu.ar\/index.php\/wp-json\/wp\/v2\/media?parent=1635"}],"wp:term":[{"taxonomy":"category","embeddable":true,"href":"https:\/\/www.fi.uncoma.edu.ar\/index.php\/wp-json\/wp\/v2\/categories?post=1635"},{"taxonomy":"post_tag","embeddable":true,"href":"https:\/\/www.fi.uncoma.edu.ar\/index.php\/wp-json\/wp\/v2\/tags?post=1635"}],"curies":[{"name":"wp","href":"https:\/\/api.w.org\/{rel}","templated":true}]}}