{"id":1637,"date":"2020-01-03T16:33:32","date_gmt":"2020-01-03T16:33:32","guid":{"rendered":"http:\/\/ijandev-test.fi.uncoma.edu.ar\/Wordpress\/index.php\/2020\/01\/03\/te-et-2020-en-la-facultad-de-informatica\/"},"modified":"2022-02-06T22:01:54","modified_gmt":"2022-02-07T01:01:54","slug":"te-et-2020-en-la-facultad-de-informatica","status":"publish","type":"post","link":"https:\/\/www.fi.uncoma.edu.ar\/index.php\/novedades\/te-et-2020-en-la-facultad-de-informatica\/","title":{"rendered":"TE&#038;ET 2020 en la Facultad de Inform\u00e1tica"},"content":{"rendered":"<p>Los d\u00edas&nbsp;<strong>11 y 12 de junio de 2020<\/strong>&nbsp;se llevar\u00e1 a cabo el Congreso de \u201cTecnolog\u0131\u0301a en Educaci\u00f3n\u201d y \u201cEducaci\u00f3n en Tecnolog\u0131\u0301a\u201d (TE&amp;ET). El mencionado evento es organizado por la Red de Universidades con Carreras en Inform\u00e1tica (RedUNCI) y la Facultad de Inform\u00e1tica ha sido elegida como organizadora local para su XV edici\u00f3n.<\/p>\n<div>El congreso tiene por objetivo la exposici\u00f3n y discusi\u00f3n de trabajos relacionados con la educaci\u00f3n y la tecnolog\u0131\u0301a, en un contexto multidisciplinario. Tambi\u00e9n tiene como actividades principales la presentaci\u00f3n y exposici\u00f3n de art\u0131\u0301culos de investigaci\u00f3n, demostraciones educativas, difusi\u00f3n de experiencias docentes e innovaci\u00f3n curricular en las \u00e1reas de las tecnolog\u0131\u0301as de la informaci\u00f3n y comunicaci\u00f3n aplicadas a la educaci\u00f3n.<\/div>\n<div>&nbsp;<\/div>\n<p><img loading=\"lazy\" class=\" size-full wp-image-1636\" style=\"display: block; margin-left: auto; margin-right: auto;\" src=\"http:\/\/ijandev-test.fi.uncoma.edu.ar\/Wordpress\/wp-content\/uploads\/2020\/01\/teyet2020_final.png\" alt=\"teyet2020 final\" width=\"300\" height=\"425\" \/><\/p>\n<div>&nbsp;<\/div>\n","protected":false},"excerpt":{"rendered":"<p>Los d\u00edas&nbsp;11 y 12 de junio de 2020&nbsp;se llevar\u00e1 a cabo el Congreso de \u201cTecnolog\u0131\u0301a en Educaci\u00f3n\u201d y \u201cEducaci\u00f3n en Tecnolog\u0131\u0301a\u201d (TE&amp;ET). El mencionado evento es organizado por la Red de Universidades con Carreras en Inform\u00e1tica (RedUNCI) y la Facultad de Inform\u00e1tica ha sido elegida como organizadora local para su XV edici\u00f3n. El congreso tiene &hellip;<\/p>\n<p class=\"read-more\"> <a class=\"\" href=\"https:\/\/www.fi.uncoma.edu.ar\/index.php\/novedades\/te-et-2020-en-la-facultad-de-informatica\/\"> <span class=\"screen-reader-text\">TE&#038;ET 2020 en la Facultad de Inform\u00e1tica<\/span> Leer m\u00e1s &raquo;<\/a><\/p>\n","protected":false},"author":1,"featured_media":1636,"comment_status":"closed","ping_status":"open","sticky":false,"template":"","format":"standard","meta":{"site-sidebar-layout":"default","site-content-layout":"default","ast-global-header-display":"","ast-main-header-display":"","ast-hfb-above-header-display":"","ast-hfb-below-header-display":"","ast-hfb-mobile-header-display":"","site-post-title":"","ast-breadcrumbs-content":"","ast-featured-img":"","footer-sml-layout":"","theme-transparent-header-meta":"","adv-header-id-meta":"","stick-header-meta":"","header-above-stick-meta":"","header-main-stick-meta":"","header-below-stick-meta":""},"categories":[3],"tags":[],"uagb_featured_image_src":{"full":["https:\/\/www.fi.uncoma.edu.ar\/wp-content\/uploads\/2020\/01\/teyet2020_final.png",803,1138,false],"thumbnail":["https:\/\/www.fi.uncoma.edu.ar\/wp-content\/uploads\/2020\/01\/teyet2020_final.png",106,150,false],"medium":["https:\/\/www.fi.uncoma.edu.ar\/wp-content\/uploads\/2020\/01\/teyet2020_final.png",212,300,false],"medium_large":["https:\/\/www.fi.uncoma.edu.ar\/wp-content\/uploads\/2020\/01\/teyet2020_final.png",768,1088,false],"large":["https:\/\/www.fi.uncoma.edu.ar\/wp-content\/uploads\/2020\/01\/teyet2020_final.png",723,1024,false],"1536x1536":["https:\/\/www.fi.uncoma.edu.ar\/wp-content\/uploads\/2020\/01\/teyet2020_final.png",803,1138,false],"2048x2048":["https:\/\/www.fi.uncoma.edu.ar\/wp-content\/uploads\/2020\/01\/teyet2020_final.png",803,1138,false]},"uagb_author_info":{"display_name":"ufai","author_link":"https:\/\/www.fi.uncoma.edu.ar\/index.php\/author\/ufai\/"},"uagb_comment_info":0,"uagb_excerpt":"Los d\u00edas&nbsp;11 y 12 de junio de 2020&nbsp;se llevar\u00e1 a cabo el Congreso de \u201cTecnolog\u0131\u0301a en Educaci\u00f3n\u201d y \u201cEducaci\u00f3n en Tecnolog\u0131\u0301a\u201d (TE&amp;ET). El mencionado evento es organizado por la Red de Universidades con Carreras en Inform\u00e1tica (RedUNCI) y la Facultad de Inform\u00e1tica ha sido elegida como organizadora local para su XV edici\u00f3n. El congreso tiene&hellip;","_links":{"self":[{"href":"https:\/\/www.fi.uncoma.edu.ar\/index.php\/wp-json\/wp\/v2\/posts\/1637"}],"collection":[{"href":"https:\/\/www.fi.uncoma.edu.ar\/index.php\/wp-json\/wp\/v2\/posts"}],"about":[{"href":"https:\/\/www.fi.uncoma.edu.ar\/index.php\/wp-json\/wp\/v2\/types\/post"}],"author":[{"embeddable":true,"href":"https:\/\/www.fi.uncoma.edu.ar\/index.php\/wp-json\/wp\/v2\/users\/1"}],"replies":[{"embeddable":true,"href":"https:\/\/www.fi.uncoma.edu.ar\/index.php\/wp-json\/wp\/v2\/comments?post=1637"}],"version-history":[{"count":1,"href":"https:\/\/www.fi.uncoma.edu.ar\/index.php\/wp-json\/wp\/v2\/posts\/1637\/revisions"}],"predecessor-version":[{"id":7602,"href":"https:\/\/www.fi.uncoma.edu.ar\/index.php\/wp-json\/wp\/v2\/posts\/1637\/revisions\/7602"}],"wp:featuredmedia":[{"embeddable":true,"href":"https:\/\/www.fi.uncoma.edu.ar\/index.php\/wp-json\/wp\/v2\/media\/1636"}],"wp:attachment":[{"href":"https:\/\/www.fi.uncoma.edu.ar\/index.php\/wp-json\/wp\/v2\/media?parent=1637"}],"wp:term":[{"taxonomy":"category","embeddable":true,"href":"https:\/\/www.fi.uncoma.edu.ar\/index.php\/wp-json\/wp\/v2\/categories?post=1637"},{"taxonomy":"post_tag","embeddable":true,"href":"https:\/\/www.fi.uncoma.edu.ar\/index.php\/wp-json\/wp\/v2\/tags?post=1637"}],"curies":[{"name":"wp","href":"https:\/\/api.w.org\/{rel}","templated":true}]}}