{"id":1644,"date":"2020-01-10T17:06:37","date_gmt":"2020-01-10T17:06:37","guid":{"rendered":"http:\/\/ijandev-test.fi.uncoma.edu.ar\/Wordpress\/index.php\/2020\/01\/10\/fallecimiento-de-estudiante-de-la-fai\/"},"modified":"2022-02-06T22:05:43","modified_gmt":"2022-02-07T01:05:43","slug":"fallecimiento-de-estudiante-de-la-fai","status":"publish","type":"post","link":"https:\/\/www.fi.uncoma.edu.ar\/index.php\/novedades\/fallecimiento-de-estudiante-de-la-fai\/","title":{"rendered":"Fallecimiento de estudiante de la FaI"},"content":{"rendered":"<p>La comunidad educativa de la Facultad de Inform\u00e1tica&nbsp;participa el fallecimiento de la estudiante <strong>Macarena Grande<\/strong>, ocurrido el d\u00eda 10 de enero de 2020, y acompa\u00f1a a sus familiares y amigos en este momento de profundo dolor.<\/p>\n","protected":false},"excerpt":{"rendered":"<p>La comunidad educativa de la Facultad de Inform\u00e1tica&nbsp;participa el fallecimiento de la estudiante Macarena Grande, ocurrido el d\u00eda 10 de enero de 2020, y acompa\u00f1a a sus familiares y amigos en este momento de profundo dolor.<\/p>\n","protected":false},"author":1,"featured_media":0,"comment_status":"closed","ping_status":"open","sticky":false,"template":"","format":"standard","meta":{"site-sidebar-layout":"default","site-content-layout":"default","ast-global-header-display":"","ast-main-header-display":"","ast-hfb-above-header-display":"","ast-hfb-below-header-display":"","ast-hfb-mobile-header-display":"","site-post-title":"","ast-breadcrumbs-content":"","ast-featured-img":"","footer-sml-layout":"","theme-transparent-header-meta":"","adv-header-id-meta":"","stick-header-meta":"","header-above-stick-meta":"","header-main-stick-meta":"","header-below-stick-meta":""},"categories":[3],"tags":[],"uagb_featured_image_src":{"full":false,"thumbnail":false,"medium":false,"medium_large":false,"large":false,"1536x1536":false,"2048x2048":false},"uagb_author_info":{"display_name":"ufai","author_link":"https:\/\/www.fi.uncoma.edu.ar\/index.php\/author\/ufai\/"},"uagb_comment_info":0,"uagb_excerpt":"La comunidad educativa de la Facultad de Inform\u00e1tica&nbsp;participa el fallecimiento de la estudiante Macarena Grande, ocurrido el d\u00eda 10 de enero de 2020, y acompa\u00f1a a sus familiares y amigos en este momento de profundo dolor.","_links":{"self":[{"href":"https:\/\/www.fi.uncoma.edu.ar\/index.php\/wp-json\/wp\/v2\/posts\/1644"}],"collection":[{"href":"https:\/\/www.fi.uncoma.edu.ar\/index.php\/wp-json\/wp\/v2\/posts"}],"about":[{"href":"https:\/\/www.fi.uncoma.edu.ar\/index.php\/wp-json\/wp\/v2\/types\/post"}],"author":[{"embeddable":true,"href":"https:\/\/www.fi.uncoma.edu.ar\/index.php\/wp-json\/wp\/v2\/users\/1"}],"replies":[{"embeddable":true,"href":"https:\/\/www.fi.uncoma.edu.ar\/index.php\/wp-json\/wp\/v2\/comments?post=1644"}],"version-history":[{"count":1,"href":"https:\/\/www.fi.uncoma.edu.ar\/index.php\/wp-json\/wp\/v2\/posts\/1644\/revisions"}],"predecessor-version":[{"id":8053,"href":"https:\/\/www.fi.uncoma.edu.ar\/index.php\/wp-json\/wp\/v2\/posts\/1644\/revisions\/8053"}],"wp:attachment":[{"href":"https:\/\/www.fi.uncoma.edu.ar\/index.php\/wp-json\/wp\/v2\/media?parent=1644"}],"wp:term":[{"taxonomy":"category","embeddable":true,"href":"https:\/\/www.fi.uncoma.edu.ar\/index.php\/wp-json\/wp\/v2\/categories?post=1644"},{"taxonomy":"post_tag","embeddable":true,"href":"https:\/\/www.fi.uncoma.edu.ar\/index.php\/wp-json\/wp\/v2\/tags?post=1644"}],"curies":[{"name":"wp","href":"https:\/\/api.w.org\/{rel}","templated":true}]}}