{"id":18266,"date":"2022-08-05T15:47:39","date_gmt":"2022-08-05T18:47:39","guid":{"rendered":"https:\/\/www.fi.uncoma.edu.ar\/?p=18266"},"modified":"2022-08-05T15:50:18","modified_gmt":"2022-08-05T18:50:18","slug":"practicas-educativas-de-verano-y-programa-de-jovenes-profesionales-del-grupo-techint","status":"publish","type":"post","link":"https:\/\/www.fi.uncoma.edu.ar\/index.php\/bolsa-de-trabajo\/practicas-educativas-de-verano-y-programa-de-jovenes-profesionales-del-grupo-techint\/","title":{"rendered":"Pr\u00e1cticas Educativas de Verano y Programa de J\u00f3venes Profesionales del Grupo TECHINT"},"content":{"rendered":"\t\t<div data-elementor-type=\"wp-post\" data-elementor-id=\"18266\" class=\"elementor elementor-18266\">\n\t\t\t\t\t\t\t\t\t<section class=\"elementor-section elementor-top-section elementor-element elementor-element-b8cf3f9 elementor-section-boxed elementor-section-height-default elementor-section-height-default\" data-id=\"b8cf3f9\" data-element_type=\"section\">\n\t\t\t\t\t\t<div class=\"elementor-container elementor-column-gap-default\">\n\t\t\t\t\t<div class=\"elementor-column elementor-col-100 elementor-top-column elementor-element elementor-element-89bcc98\" data-id=\"89bcc98\" data-element_type=\"column\">\n\t\t\t<div class=\"elementor-widget-wrap elementor-element-populated\">\n\t\t\t\t\t\t\t\t<div class=\"elementor-element elementor-element-128f344 elementor-widget elementor-widget-text-editor\" data-id=\"128f344\" data-element_type=\"widget\" data-widget_type=\"text-editor.default\">\n\t\t\t\t<div class=\"elementor-widget-container\">\n\t\t\t<style>\/*! elementor - v3.6.7 - 03-07-2022 *\/\n.elementor-widget-text-editor.elementor-drop-cap-view-stacked .elementor-drop-cap{background-color:#818a91;color:#fff}.elementor-widget-text-editor.elementor-drop-cap-view-framed .elementor-drop-cap{color:#818a91;border:3px solid;background-color:transparent}.elementor-widget-text-editor:not(.elementor-drop-cap-view-default) .elementor-drop-cap{margin-top:8px}.elementor-widget-text-editor:not(.elementor-drop-cap-view-default) .elementor-drop-cap-letter{width:1em;height:1em}.elementor-widget-text-editor .elementor-drop-cap{float:left;text-align:center;line-height:1;font-size:50px}.elementor-widget-text-editor .elementor-drop-cap-letter{display:inline-block}<\/style>\t\t\t\t<p>El Grupo Techint se encuentra en la b\u00fasqueda de talentos con ganas de aprender y sumar una experiencia \u00fanica en su historia profesional. \u00a1Vos tambi\u00e9n pod\u00e9s ser parte!<\/p><p>Pod\u00e9s aplicar a las Pr\u00e1cticas Educativas de Verano (PEV) y a su Programa de J\u00f3venes Profesionales (JP):<\/p><p>Las\u00a0<b>PEV<\/b> son una excelente oportunidad para trabajar en un proyecto espec\u00edfico en una de sus empresas por 3 meses. Se trata de una pr\u00e1ctica remunerada, dise\u00f1ada para que apliques tus conocimientos y aproveches tu verano de una forma diferente.<\/p><p>El\u00a0<b>Programa JP\u00a0<\/b>consiste en posiciones efectivas y est\u00e1 orientado a graduados recientes o estudiantes en su \u00faltimo a\u00f1o de carrera.<\/p><p><strong>\u00bfC\u00f3mo participar?<\/strong><\/p><p>Si resid\u00eds en Neuqu\u00e9n o Comodoro Rivadavia\u00a0y ya ten\u00e9s aprobado el 50% de las materias,\u00a0te graduaste o est\u00e1s en tu \u00faltimo a\u00f1o\u00a0de alguna de las siguientes carreras:\u00a0<b>Ing. Industrial, Ing. Mec\u00e1nica, Ing. El\u00e9ctrica, Ing. Electricista, Ing. Electr\u00f3nica, Ing. Electromec\u00e1nica, Ing. Qu\u00edmica, Geolog\u00eda, Lic. en Higiene y Seguridad,\u00a0Ing. Petr\u00f3leo, Sistemas, Contador o Administraci\u00f3n<\/b>\u00a0pod\u00e9s postularte.<\/p><p>M\u00e1s informaci\u00f3n e inscripciones en: <a href=\"https:\/\/careers.techint.com\/Holding\/job\/AR-Buenos-Aires-GIRA-PEV-JP-2023-NEUQU%C3%89N-COMODORO\/916891200\/\" target=\"_blank\" rel=\"noopener\">PostulacionesTechint<\/a><\/p><p>\u00a0<\/p>\t\t\t\t\t\t<\/div>\n\t\t\t\t<\/div>\n\t\t\t\t\t<\/div>\n\t\t<\/div>\n\t\t\t\t\t\t\t<\/div>\n\t\t<\/section>\n\t\t\t\t\t\t\t<\/div>\n\t\t","protected":false},"excerpt":{"rendered":"<p>El Grupo Techint se encuentra en la b\u00fasqueda de talentos con ganas de aprender y sumar una experiencia \u00fanica en su historia profesional. \u00a1Vos tambi\u00e9n pod\u00e9s ser parte! Pod\u00e9s aplicar a las Pr\u00e1cticas Educativas de Verano (PEV) y a su Programa de J\u00f3venes Profesionales (JP): Las\u00a0PEV son una excelente oportunidad para trabajar en un proyecto &hellip;<\/p>\n<p class=\"read-more\"> <a class=\"\" href=\"https:\/\/www.fi.uncoma.edu.ar\/index.php\/bolsa-de-trabajo\/practicas-educativas-de-verano-y-programa-de-jovenes-profesionales-del-grupo-techint\/\"> <span class=\"screen-reader-text\">Pr\u00e1cticas Educativas de Verano y Programa de J\u00f3venes Profesionales del Grupo TECHINT<\/span> Leer m\u00e1s &raquo;<\/a><\/p>\n","protected":false},"author":3,"featured_media":20321,"comment_status":"closed","ping_status":"open","sticky":false,"template":"","format":"standard","meta":{"site-sidebar-layout":"default","site-content-layout":"default","ast-global-header-display":"","ast-main-header-display":"","ast-hfb-above-header-display":"","ast-hfb-below-header-display":"","ast-hfb-mobile-header-display":"","site-post-title":"","ast-breadcrumbs-content":"","ast-featured-img":"","footer-sml-layout":"","theme-transparent-header-meta":"","adv-header-id-meta":"","stick-header-meta":"","header-above-stick-meta":"","header-main-stick-meta":"","header-below-stick-meta":""},"categories":[23],"tags":[],"uagb_featured_image_src":{"full":["https:\/\/www.fi.uncoma.edu.ar\/wp-content\/uploads\/2023\/02\/bolsa_de_trabajo.jpg",1024,573,false],"thumbnail":["https:\/\/www.fi.uncoma.edu.ar\/wp-content\/uploads\/2023\/02\/bolsa_de_trabajo-150x150.jpg",150,150,true],"medium":["https:\/\/www.fi.uncoma.edu.ar\/wp-content\/uploads\/2023\/02\/bolsa_de_trabajo-300x168.jpg",300,168,true],"medium_large":["https:\/\/www.fi.uncoma.edu.ar\/wp-content\/uploads\/2023\/02\/bolsa_de_trabajo-768x430.jpg",768,430,true],"large":["https:\/\/www.fi.uncoma.edu.ar\/wp-content\/uploads\/2023\/02\/bolsa_de_trabajo.jpg",1024,573,false],"1536x1536":["https:\/\/www.fi.uncoma.edu.ar\/wp-content\/uploads\/2023\/02\/bolsa_de_trabajo.jpg",1024,573,false],"2048x2048":["https:\/\/www.fi.uncoma.edu.ar\/wp-content\/uploads\/2023\/02\/bolsa_de_trabajo.jpg",1024,573,false]},"uagb_author_info":{"display_name":"Secretaria Extension","author_link":"https:\/\/www.fi.uncoma.edu.ar\/index.php\/author\/secretaria-extensionfi-uncoma-edu-ar\/"},"uagb_comment_info":0,"uagb_excerpt":"El Grupo Techint se encuentra en la b\u00fasqueda de talentos con ganas de aprender y sumar una experiencia \u00fanica en su historia profesional. \u00a1Vos tambi\u00e9n pod\u00e9s ser parte! Pod\u00e9s aplicar a las Pr\u00e1cticas Educativas de Verano (PEV) y a su Programa de J\u00f3venes Profesionales (JP): Las\u00a0PEV son una excelente oportunidad para trabajar en un proyecto&hellip;","_links":{"self":[{"href":"https:\/\/www.fi.uncoma.edu.ar\/index.php\/wp-json\/wp\/v2\/posts\/18266"}],"collection":[{"href":"https:\/\/www.fi.uncoma.edu.ar\/index.php\/wp-json\/wp\/v2\/posts"}],"about":[{"href":"https:\/\/www.fi.uncoma.edu.ar\/index.php\/wp-json\/wp\/v2\/types\/post"}],"author":[{"embeddable":true,"href":"https:\/\/www.fi.uncoma.edu.ar\/index.php\/wp-json\/wp\/v2\/users\/3"}],"replies":[{"embeddable":true,"href":"https:\/\/www.fi.uncoma.edu.ar\/index.php\/wp-json\/wp\/v2\/comments?post=18266"}],"version-history":[{"count":4,"href":"https:\/\/www.fi.uncoma.edu.ar\/index.php\/wp-json\/wp\/v2\/posts\/18266\/revisions"}],"predecessor-version":[{"id":18270,"href":"https:\/\/www.fi.uncoma.edu.ar\/index.php\/wp-json\/wp\/v2\/posts\/18266\/revisions\/18270"}],"wp:featuredmedia":[{"embeddable":true,"href":"https:\/\/www.fi.uncoma.edu.ar\/index.php\/wp-json\/wp\/v2\/media\/20321"}],"wp:attachment":[{"href":"https:\/\/www.fi.uncoma.edu.ar\/index.php\/wp-json\/wp\/v2\/media?parent=18266"}],"wp:term":[{"taxonomy":"category","embeddable":true,"href":"https:\/\/www.fi.uncoma.edu.ar\/index.php\/wp-json\/wp\/v2\/categories?post=18266"},{"taxonomy":"post_tag","embeddable":true,"href":"https:\/\/www.fi.uncoma.edu.ar\/index.php\/wp-json\/wp\/v2\/tags?post=18266"}],"curies":[{"name":"wp","href":"https:\/\/api.w.org\/{rel}","templated":true}]}}