{"id":19274,"date":"2022-10-06T18:42:33","date_gmt":"2022-10-06T21:42:33","guid":{"rendered":"https:\/\/www.fi.uncoma.edu.ar\/?p=19274"},"modified":"2022-10-11T12:36:19","modified_gmt":"2022-10-11T15:36:19","slug":"expo-empleo-joven","status":"publish","type":"post","link":"https:\/\/www.fi.uncoma.edu.ar\/index.php\/prensa\/expo-empleo-joven\/","title":{"rendered":"Expo Empleo Joven"},"content":{"rendered":"\t\t<div data-elementor-type=\"wp-post\" data-elementor-id=\"19274\" class=\"elementor elementor-19274\">\n\t\t\t\t\t\t\t\t\t<section class=\"elementor-section elementor-top-section elementor-element elementor-element-e35e98c elementor-section-boxed elementor-section-height-default elementor-section-height-default\" data-id=\"e35e98c\" data-element_type=\"section\">\n\t\t\t\t\t\t<div class=\"elementor-container elementor-column-gap-default\">\n\t\t\t\t\t<div class=\"elementor-column elementor-col-100 elementor-top-column elementor-element elementor-element-86f64ba\" data-id=\"86f64ba\" data-element_type=\"column\">\n\t\t\t<div class=\"elementor-widget-wrap elementor-element-populated\">\n\t\t\t\t\t\t\t\t<div class=\"elementor-element elementor-element-150d5ee elementor-widget elementor-widget-text-editor\" data-id=\"150d5ee\" data-element_type=\"widget\" data-widget_type=\"text-editor.default\">\n\t\t\t\t<div class=\"elementor-widget-container\">\n\t\t\t<style>\/*! elementor - v3.6.7 - 03-07-2022 *\/\n.elementor-widget-text-editor.elementor-drop-cap-view-stacked .elementor-drop-cap{background-color:#818a91;color:#fff}.elementor-widget-text-editor.elementor-drop-cap-view-framed .elementor-drop-cap{color:#818a91;border:3px solid;background-color:transparent}.elementor-widget-text-editor:not(.elementor-drop-cap-view-default) .elementor-drop-cap{margin-top:8px}.elementor-widget-text-editor:not(.elementor-drop-cap-view-default) .elementor-drop-cap-letter{width:1em;height:1em}.elementor-widget-text-editor .elementor-drop-cap{float:left;text-align:center;line-height:1;font-size:50px}.elementor-widget-text-editor .elementor-drop-cap-letter{display:inline-block}<\/style>\t\t\t\t<p>Los d\u00edas 27 y 28 de septiembre la Facultad de Inform\u00e1tica estuvo presente en la Expo Empleo Joven, un evento que propone mejorar las oportunidades de empleabilidad a los j\u00f3venes que se encuentren en la b\u00fasqueda activa de empleo.<\/p>\t\t\t\t\t\t<\/div>\n\t\t\t\t<\/div>\n\t\t\t\t\t<\/div>\n\t\t<\/div>\n\t\t\t\t\t\t\t<\/div>\n\t\t<\/section>\n\t\t\t\t<section class=\"elementor-section elementor-top-section elementor-element elementor-element-802d187 elementor-section-boxed elementor-section-height-default elementor-section-height-default\" data-id=\"802d187\" data-element_type=\"section\">\n\t\t\t\t\t\t<div class=\"elementor-container elementor-column-gap-default\">\n\t\t\t\t\t<div class=\"elementor-column elementor-col-100 elementor-top-column elementor-element elementor-element-65ba1ca\" data-id=\"65ba1ca\" data-element_type=\"column\">\n\t\t\t<div class=\"elementor-widget-wrap elementor-element-populated\">\n\t\t\t\t\t\t\t\t<div class=\"elementor-element elementor-element-6ab93b1 elementor-widget elementor-widget-image\" data-id=\"6ab93b1\" data-element_type=\"widget\" data-widget_type=\"image.default\">\n\t\t\t\t<div class=\"elementor-widget-container\">\n\t\t\t<style>\/*! elementor - v3.6.7 - 03-07-2022 *\/\n.elementor-widget-image{text-align:center}.elementor-widget-image a{display:inline-block}.elementor-widget-image a img[src$=\".svg\"]{width:48px}.elementor-widget-image img{vertical-align:middle;display:inline-block}<\/style>\t\t\t\t\t\t\t\t\t\t\t\t<img width=\"1024\" height=\"723\" src=\"https:\/\/www.fi.uncoma.edu.ar\/wp-content\/uploads\/2022\/10\/WhatsApp-Image-2022-10-06-at-09.11.06-1024x723.jpeg\" class=\"attachment-large size-large\" alt=\"\" loading=\"lazy\" srcset=\"https:\/\/www.fi.uncoma.edu.ar\/wp-content\/uploads\/2022\/10\/WhatsApp-Image-2022-10-06-at-09.11.06-1024x723.jpeg 1024w, https:\/\/www.fi.uncoma.edu.ar\/wp-content\/uploads\/2022\/10\/WhatsApp-Image-2022-10-06-at-09.11.06-300x212.jpeg 300w, https:\/\/www.fi.uncoma.edu.ar\/wp-content\/uploads\/2022\/10\/WhatsApp-Image-2022-10-06-at-09.11.06-768x542.jpeg 768w, https:\/\/www.fi.uncoma.edu.ar\/wp-content\/uploads\/2022\/10\/WhatsApp-Image-2022-10-06-at-09.11.06.jpeg 1280w\" sizes=\"(max-width: 1024px) 100vw, 1024px\" \/>\t\t\t\t\t\t\t\t\t\t\t\t\t\t\t<\/div>\n\t\t\t\t<\/div>\n\t\t\t\t\t<\/div>\n\t\t<\/div>\n\t\t\t\t\t\t\t<\/div>\n\t\t<\/section>\n\t\t\t\t\t\t\t<\/div>\n\t\t","protected":false},"excerpt":{"rendered":"<p>Los d\u00edas 27 y 28 de septiembre la Facultad de Inform\u00e1tica estuvo presente en la Expo Empleo Joven, un evento que propone mejorar las oportunidades de empleabilidad a los j\u00f3venes que se encuentren en la b\u00fasqueda activa de empleo.<\/p>\n","protected":false},"author":3,"featured_media":19275,"comment_status":"closed","ping_status":"open","sticky":false,"template":"","format":"standard","meta":{"site-sidebar-layout":"default","site-content-layout":"default","ast-global-header-display":"","ast-main-header-display":"","ast-hfb-above-header-display":"","ast-hfb-below-header-display":"","ast-hfb-mobile-header-display":"","site-post-title":"","ast-breadcrumbs-content":"","ast-featured-img":"","footer-sml-layout":"","theme-transparent-header-meta":"","adv-header-id-meta":"","stick-header-meta":"","header-above-stick-meta":"","header-main-stick-meta":"","header-below-stick-meta":""},"categories":[98],"tags":[99],"uagb_featured_image_src":{"full":["https:\/\/www.fi.uncoma.edu.ar\/wp-content\/uploads\/2022\/10\/WhatsApp-Image-2022-10-06-at-09.11.06.jpeg",1280,904,false],"thumbnail":["https:\/\/www.fi.uncoma.edu.ar\/wp-content\/uploads\/2022\/10\/WhatsApp-Image-2022-10-06-at-09.11.06-150x150.jpeg",150,150,true],"medium":["https:\/\/www.fi.uncoma.edu.ar\/wp-content\/uploads\/2022\/10\/WhatsApp-Image-2022-10-06-at-09.11.06-300x212.jpeg",300,212,true],"medium_large":["https:\/\/www.fi.uncoma.edu.ar\/wp-content\/uploads\/2022\/10\/WhatsApp-Image-2022-10-06-at-09.11.06-768x542.jpeg",768,542,true],"large":["https:\/\/www.fi.uncoma.edu.ar\/wp-content\/uploads\/2022\/10\/WhatsApp-Image-2022-10-06-at-09.11.06-1024x723.jpeg",1024,723,true],"1536x1536":["https:\/\/www.fi.uncoma.edu.ar\/wp-content\/uploads\/2022\/10\/WhatsApp-Image-2022-10-06-at-09.11.06.jpeg",1280,904,false],"2048x2048":["https:\/\/www.fi.uncoma.edu.ar\/wp-content\/uploads\/2022\/10\/WhatsApp-Image-2022-10-06-at-09.11.06.jpeg",1280,904,false]},"uagb_author_info":{"display_name":"Secretaria Extension","author_link":"https:\/\/www.fi.uncoma.edu.ar\/index.php\/author\/secretaria-extensionfi-uncoma-edu-ar\/"},"uagb_comment_info":0,"uagb_excerpt":"Los d\u00edas 27 y 28 de septiembre la Facultad de Inform\u00e1tica estuvo presente en la Expo Empleo Joven, un evento que propone mejorar las oportunidades de empleabilidad a los j\u00f3venes que se encuentren en la b\u00fasqueda activa de empleo.","_links":{"self":[{"href":"https:\/\/www.fi.uncoma.edu.ar\/index.php\/wp-json\/wp\/v2\/posts\/19274"}],"collection":[{"href":"https:\/\/www.fi.uncoma.edu.ar\/index.php\/wp-json\/wp\/v2\/posts"}],"about":[{"href":"https:\/\/www.fi.uncoma.edu.ar\/index.php\/wp-json\/wp\/v2\/types\/post"}],"author":[{"embeddable":true,"href":"https:\/\/www.fi.uncoma.edu.ar\/index.php\/wp-json\/wp\/v2\/users\/3"}],"replies":[{"embeddable":true,"href":"https:\/\/www.fi.uncoma.edu.ar\/index.php\/wp-json\/wp\/v2\/comments?post=19274"}],"version-history":[{"count":8,"href":"https:\/\/www.fi.uncoma.edu.ar\/index.php\/wp-json\/wp\/v2\/posts\/19274\/revisions"}],"predecessor-version":[{"id":19283,"href":"https:\/\/www.fi.uncoma.edu.ar\/index.php\/wp-json\/wp\/v2\/posts\/19274\/revisions\/19283"}],"wp:featuredmedia":[{"embeddable":true,"href":"https:\/\/www.fi.uncoma.edu.ar\/index.php\/wp-json\/wp\/v2\/media\/19275"}],"wp:attachment":[{"href":"https:\/\/www.fi.uncoma.edu.ar\/index.php\/wp-json\/wp\/v2\/media?parent=19274"}],"wp:term":[{"taxonomy":"category","embeddable":true,"href":"https:\/\/www.fi.uncoma.edu.ar\/index.php\/wp-json\/wp\/v2\/categories?post=19274"},{"taxonomy":"post_tag","embeddable":true,"href":"https:\/\/www.fi.uncoma.edu.ar\/index.php\/wp-json\/wp\/v2\/tags?post=19274"}],"curies":[{"name":"wp","href":"https:\/\/api.w.org\/{rel}","templated":true}]}}