{"id":20721,"date":"2023-03-23T11:00:00","date_gmt":"2023-03-23T14:00:00","guid":{"rendered":"https:\/\/www.fi.uncoma.edu.ar\/?p=20721"},"modified":"2026-04-14T09:48:49","modified_gmt":"2026-04-14T12:48:49","slug":"solorza-federico-un-lenguaje-visual-unificador-de-eer-uml-y-orm2-marzo-2023","status":"publish","type":"post","link":"https:\/\/www.fi.uncoma.edu.ar\/index.php\/nuevos-lic-lcc\/solorza-federico-un-lenguaje-visual-unificador-de-eer-uml-y-orm2-marzo-2023\/","title":{"rendered":"Federico Solorza: Un lenguaje visual unificador\u00a0de EER, UML\u00a0 y ORM 2"},"content":{"rendered":"\t\t<div data-elementor-type=\"wp-post\" data-elementor-id=\"20721\" class=\"elementor elementor-20721\">\n\t\t\t\t\t\t\t\t\t<section class=\"elementor-section elementor-top-section elementor-element elementor-element-c64400f elementor-section-boxed elementor-section-height-default elementor-section-height-default\" data-id=\"c64400f\" data-element_type=\"section\">\n\t\t\t\t\t\t<div class=\"elementor-container elementor-column-gap-default\">\n\t\t\t\t\t<div class=\"elementor-column elementor-col-100 elementor-top-column elementor-element elementor-element-3410869\" data-id=\"3410869\" data-element_type=\"column\">\n\t\t\t<div class=\"elementor-widget-wrap elementor-element-populated\">\n\t\t\t\t\t\t\t\t<div class=\"elementor-element elementor-element-ae51bcb elementor-widget elementor-widget-text-editor\" data-id=\"ae51bcb\" data-element_type=\"widget\" data-widget_type=\"text-editor.default\">\n\t\t\t\t<div class=\"elementor-widget-container\">\n\t\t\t<style>\/*! elementor - v3.6.7 - 03-07-2022 *\/\n.elementor-widget-text-editor.elementor-drop-cap-view-stacked .elementor-drop-cap{background-color:#818a91;color:#fff}.elementor-widget-text-editor.elementor-drop-cap-view-framed .elementor-drop-cap{color:#818a91;border:3px solid;background-color:transparent}.elementor-widget-text-editor:not(.elementor-drop-cap-view-default) .elementor-drop-cap{margin-top:8px}.elementor-widget-text-editor:not(.elementor-drop-cap-view-default) .elementor-drop-cap-letter{width:1em;height:1em}.elementor-widget-text-editor .elementor-drop-cap{float:left;text-align:center;line-height:1;font-size:50px}.elementor-widget-text-editor .elementor-drop-cap-letter{display:inline-block}<\/style>\t\t\t\t<p><strong>T\u00edtulo<\/strong>: <em>\u00abUn lenguaje visual unificador\u00a0de EER, UML\u00a0 y ORM 2\u201d<\/em><\/p><p><strong>Tesista:<\/strong> Federico Sebasti\u00e1n Solorza<\/p><p><strong>Directores:<\/strong> Dra. Laura Cecchi &#8211; Lic. Giuliano Marinelli<\/p><p><strong>Fecha de la defensa:<\/strong> 23 de marzo de 2023<\/p><p><strong>Resumen<\/strong><\/p><p>UML 2.4.1, ORM 2 y las diferentes variantes de EER son ciertamente \u00fatiles cuando son utilizadas en su respectivo dominio de concepci\u00f3n, no obstante, cuando actividades de integraci\u00f3n entre modelos representados en dichos lenguajes entran en acci\u00f3n emergen dificultades. El metamodelo KF resuelve estas problem\u00e1ticas subsumiendo los tres lenguajes de modelado conceptual mencionados anteriormente. Hasta el momento el metamodelo KF no cuenta con una sintaxis gr\u00e1fica o visual para utilizarlo, el mismo est\u00e1 representado mediante UML con anotaciones coloquiales para colaborar en la correcta interpretaci\u00f3n, en aquellos casos que los recursos del lenguaje de modelado conceptual no sean suficientes.<\/p><p>En este trabajo se desarrolla un lenguaje visual capaz de articular el manejo del metamodelo KF y as\u00ed hacer efectivo su uso. Para el dise\u00f1o de los s\u00edmbolos de la representaci\u00f3n visual del metamodelo KF, se tom\u00f3 en consideraci\u00f3n diversos \u00e1ngulos: fenomenol\u00f3gica, semi\u00f3tica, ontol\u00f3gico as\u00ed como teor\u00eda al respecto de la cognici\u00f3n subjetiva y perceptual, para que los s\u00edmbolos logren ser utilizables en el dise\u00f1o de ontolog\u00edas. En este contexto, surgi\u00f3 el nuevo lenguaje visual cuyo objetivo principal, aunque filos\u00f3fico y ontol\u00f3gico por momentos, y a prop\u00f3sito, tiene como direcci\u00f3n principal el conducir la comunicaci\u00f3n de manera eficiente, convencional, con fundamentos y cuya terminol\u00f3gica sea adecuada entre sincretismos independiente de su idiosincrasia o mezcla de conocimientos plasmados en modelos. Por \u00faltimo, rescatar que todos los s\u00edmbolos son posibles de ser implementados tanto en software as\u00ed como tambi\u00e9n por medio del trazo de un l\u00e1piz. Se acudi\u00f3 a recursos de l\u00f3gica descriptiva para mostrar c\u00f3mo el nuevo lenguaje asiste en la representaci\u00f3n formal mediante el uso de L\u00f3gica Descriptiva; adem\u00e1s de motivar el uso del lenguaje subyacente del cual \u00e9ste est\u00e1 subordinado en el entramado simb\u00f3lico.<\/p>\t\t\t\t\t\t<\/div>\n\t\t\t\t<\/div>\n\t\t\t\t\t<\/div>\n\t\t<\/div>\n\t\t\t\t\t\t\t<\/div>\n\t\t<\/section>\n\t\t\t\t<section class=\"elementor-section elementor-top-section elementor-element elementor-element-ad68e64 elementor-section-boxed elementor-section-height-default elementor-section-height-default\" data-id=\"ad68e64\" data-element_type=\"section\">\n\t\t\t\t\t\t<div class=\"elementor-container elementor-column-gap-default\">\n\t\t\t\t\t<div class=\"elementor-column elementor-col-100 elementor-top-column elementor-element elementor-element-15c49f5\" data-id=\"15c49f5\" data-element_type=\"column\">\n\t\t\t<div class=\"elementor-widget-wrap elementor-element-populated\">\n\t\t\t\t\t\t\t\t<div class=\"elementor-element elementor-element-05cef97 elementor-widget elementor-widget-image\" data-id=\"05cef97\" data-element_type=\"widget\" data-widget_type=\"image.default\">\n\t\t\t\t<div class=\"elementor-widget-container\">\n\t\t\t<style>\/*! elementor - v3.6.7 - 03-07-2022 *\/\n.elementor-widget-image{text-align:center}.elementor-widget-image a{display:inline-block}.elementor-widget-image a img[src$=\".svg\"]{width:48px}.elementor-widget-image img{vertical-align:middle;display:inline-block}<\/style>\t\t\t\t\t\t\t\t\t<figure class=\"wp-caption\">\n\t\t\t\t\t\t\t\t\t\t<img width=\"900\" height=\"535\" src=\"https:\/\/www.fi.uncoma.edu.ar\/wp-content\/uploads\/2023\/03\/defensa-solorza.png\" class=\"attachment-large size-large\" alt=\"Foto del dia de la defensa\" loading=\"lazy\" srcset=\"https:\/\/www.fi.uncoma.edu.ar\/wp-content\/uploads\/2023\/03\/defensa-solorza.png 900w, https:\/\/www.fi.uncoma.edu.ar\/wp-content\/uploads\/2023\/03\/defensa-solorza-300x178.png 300w, https:\/\/www.fi.uncoma.edu.ar\/wp-content\/uploads\/2023\/03\/defensa-solorza-768x457.png 768w\" sizes=\"(max-width: 900px) 100vw, 900px\" \/>\t\t\t\t\t\t\t\t\t\t\t<figcaption class=\"widget-image-caption wp-caption-text\">Foto del d\u00eda de la defensa con sus directores y el tribunal integrado por los docentes Mg. Claudio Vaucheret y Lic. Claudia Allan<\/figcaption>\n\t\t\t\t\t\t\t\t\t\t<\/figure>\n\t\t\t\t\t\t\t\t\t<\/div>\n\t\t\t\t<\/div>\n\t\t\t\t\t<\/div>\n\t\t<\/div>\n\t\t\t\t\t\t\t<\/div>\n\t\t<\/section>\n\t\t\t\t<section class=\"elementor-section elementor-top-section elementor-element elementor-element-390f034 elementor-section-boxed elementor-section-height-default elementor-section-height-default\" data-id=\"390f034\" data-element_type=\"section\">\n\t\t\t\t\t\t<div class=\"elementor-container elementor-column-gap-default\">\n\t\t\t\t\t<div class=\"elementor-column elementor-col-100 elementor-top-column elementor-element elementor-element-d77a8aa\" data-id=\"d77a8aa\" data-element_type=\"column\">\n\t\t\t<div class=\"elementor-widget-wrap elementor-element-populated\">\n\t\t\t\t\t\t\t\t<div class=\"elementor-element elementor-element-d89beb8 elementor-align-center elementor-widget elementor-widget-button\" data-id=\"d89beb8\" data-element_type=\"widget\" data-widget_type=\"button.default\">\n\t\t\t\t<div class=\"elementor-widget-container\">\n\t\t\t\t\t<div class=\"elementor-button-wrapper\">\n\t\t\t<a href=\"https:\/\/www.fi.uncoma.edu.ar\/index.php\/nuevos-lic-lcc\/\" class=\"elementor-button-link elementor-button elementor-size-sm\" role=\"button\">\n\t\t\t\t\t\t<span class=\"elementor-button-content-wrapper\">\n\t\t\t\t\t\t<span class=\"elementor-button-text\">Ver otras tesis LCC FaI<\/span>\n\t\t<\/span>\n\t\t\t\t\t<\/a>\n\t\t<\/div>\n\t\t\t\t<\/div>\n\t\t\t\t<\/div>\n\t\t\t\t\t<\/div>\n\t\t<\/div>\n\t\t\t\t\t\t\t<\/div>\n\t\t<\/section>\n\t\t\t\t\t\t\t<\/div>\n\t\t","protected":false},"excerpt":{"rendered":"<p>El 23 de marzo, el estudiante Federico Sebasti\u00e1n Solorza aprob\u00f3 su tesis de Licenciatura en Ciencias de la Computaci\u00f3n.<br \/>\nFelicitaciones Licenciado!<\/p>\n","protected":false},"author":4,"featured_media":20723,"comment_status":"closed","ping_status":"open","sticky":false,"template":"","format":"standard","meta":{"site-sidebar-layout":"default","site-content-layout":"default","ast-global-header-display":"","ast-main-header-display":"","ast-hfb-above-header-display":"","ast-hfb-below-header-display":"","ast-hfb-mobile-header-display":"","site-post-title":"","ast-breadcrumbs-content":"","ast-featured-img":"","footer-sml-layout":"","theme-transparent-header-meta":"","adv-header-id-meta":"","stick-header-meta":"","header-above-stick-meta":"","header-main-stick-meta":"","header-below-stick-meta":""},"categories":[38,14],"tags":[],"uagb_featured_image_src":{"full":["https:\/\/www.fi.uncoma.edu.ar\/wp-content\/uploads\/2023\/03\/defensa-solorza.png",900,535,false],"thumbnail":["https:\/\/www.fi.uncoma.edu.ar\/wp-content\/uploads\/2023\/03\/defensa-solorza-150x150.png",150,150,true],"medium":["https:\/\/www.fi.uncoma.edu.ar\/wp-content\/uploads\/2023\/03\/defensa-solorza-300x178.png",300,178,true],"medium_large":["https:\/\/www.fi.uncoma.edu.ar\/wp-content\/uploads\/2023\/03\/defensa-solorza-768x457.png",768,457,true],"large":["https:\/\/www.fi.uncoma.edu.ar\/wp-content\/uploads\/2023\/03\/defensa-solorza.png",900,535,false],"1536x1536":["https:\/\/www.fi.uncoma.edu.ar\/wp-content\/uploads\/2023\/03\/defensa-solorza.png",900,535,false],"2048x2048":["https:\/\/www.fi.uncoma.edu.ar\/wp-content\/uploads\/2023\/03\/defensa-solorza.png",900,535,false]},"uagb_author_info":{"display_name":"editor Fai","author_link":"https:\/\/www.fi.uncoma.edu.ar\/index.php\/author\/editorfai\/"},"uagb_comment_info":0,"uagb_excerpt":"El 23 de marzo, el estudiante Federico Sebasti\u00e1n Solorza aprob\u00f3 su tesis de Licenciatura en Ciencias de la Computaci\u00f3n. Felicitaciones Licenciado!","_links":{"self":[{"href":"https:\/\/www.fi.uncoma.edu.ar\/index.php\/wp-json\/wp\/v2\/posts\/20721"}],"collection":[{"href":"https:\/\/www.fi.uncoma.edu.ar\/index.php\/wp-json\/wp\/v2\/posts"}],"about":[{"href":"https:\/\/www.fi.uncoma.edu.ar\/index.php\/wp-json\/wp\/v2\/types\/post"}],"author":[{"embeddable":true,"href":"https:\/\/www.fi.uncoma.edu.ar\/index.php\/wp-json\/wp\/v2\/users\/4"}],"replies":[{"embeddable":true,"href":"https:\/\/www.fi.uncoma.edu.ar\/index.php\/wp-json\/wp\/v2\/comments?post=20721"}],"version-history":[{"count":14,"href":"https:\/\/www.fi.uncoma.edu.ar\/index.php\/wp-json\/wp\/v2\/posts\/20721\/revisions"}],"predecessor-version":[{"id":30922,"href":"https:\/\/www.fi.uncoma.edu.ar\/index.php\/wp-json\/wp\/v2\/posts\/20721\/revisions\/30922"}],"wp:featuredmedia":[{"embeddable":true,"href":"https:\/\/www.fi.uncoma.edu.ar\/index.php\/wp-json\/wp\/v2\/media\/20723"}],"wp:attachment":[{"href":"https:\/\/www.fi.uncoma.edu.ar\/index.php\/wp-json\/wp\/v2\/media?parent=20721"}],"wp:term":[{"taxonomy":"category","embeddable":true,"href":"https:\/\/www.fi.uncoma.edu.ar\/index.php\/wp-json\/wp\/v2\/categories?post=20721"},{"taxonomy":"post_tag","embeddable":true,"href":"https:\/\/www.fi.uncoma.edu.ar\/index.php\/wp-json\/wp\/v2\/tags?post=20721"}],"curies":[{"name":"wp","href":"https:\/\/api.w.org\/{rel}","templated":true}]}}