{"id":21618,"date":"2023-08-10T09:58:00","date_gmt":"2023-08-10T12:58:00","guid":{"rendered":"https:\/\/www.fi.uncoma.edu.ar\/?p=21618"},"modified":"2023-08-15T10:14:22","modified_gmt":"2023-08-15T13:14:22","slug":"cristian-ilabaca-nuevo-magister-en-ensenanza-en-escenarios-digitales","status":"publish","type":"post","link":"https:\/\/www.fi.uncoma.edu.ar\/index.php\/novedades\/cristian-ilabaca-nuevo-magister-en-ensenanza-en-escenarios-digitales\/","title":{"rendered":"Cristian Ilabaca &#8211; Nuevo Magister en Ense\u00f1anza en Escenarios Digitales"},"content":{"rendered":"\t\t<div data-elementor-type=\"wp-post\" data-elementor-id=\"21618\" class=\"elementor elementor-21618\">\n\t\t\t\t\t\t\t\t\t<section class=\"elementor-section elementor-top-section elementor-element elementor-element-3e1f94a6 elementor-section-boxed elementor-section-height-default elementor-section-height-default\" data-id=\"3e1f94a6\" data-element_type=\"section\">\n\t\t\t\t\t\t<div class=\"elementor-container elementor-column-gap-default\">\n\t\t\t\t\t<div class=\"elementor-column elementor-col-100 elementor-top-column elementor-element elementor-element-675e7c91\" data-id=\"675e7c91\" data-element_type=\"column\">\n\t\t\t<div class=\"elementor-widget-wrap elementor-element-populated\">\n\t\t\t\t\t\t\t\t<div class=\"elementor-element elementor-element-7c28c7ea elementor-widget elementor-widget-text-editor\" data-id=\"7c28c7ea\" data-element_type=\"widget\" data-widget_type=\"text-editor.default\">\n\t\t\t\t<div class=\"elementor-widget-container\">\n\t\t\t<style>\/*! elementor - v3.6.7 - 03-07-2022 *\/\n.elementor-widget-text-editor.elementor-drop-cap-view-stacked .elementor-drop-cap{background-color:#818a91;color:#fff}.elementor-widget-text-editor.elementor-drop-cap-view-framed .elementor-drop-cap{color:#818a91;border:3px solid;background-color:transparent}.elementor-widget-text-editor:not(.elementor-drop-cap-view-default) .elementor-drop-cap{margin-top:8px}.elementor-widget-text-editor:not(.elementor-drop-cap-view-default) .elementor-drop-cap-letter{width:1em;height:1em}.elementor-widget-text-editor .elementor-drop-cap{float:left;text-align:center;line-height:1;font-size:50px}.elementor-widget-text-editor .elementor-drop-cap-letter{display:inline-block}<\/style>\t\t\t\t<p>El d\u00eda jueves 10 de agosto de 2023 el Lic. Cristian Ilabaca, estudiante de la Maestr\u00eda en Ense\u00f1anza en Escenarios Digitales, defendi\u00f3 con \u00e9xito su trabajo Final Integrador \u00abPropuesta de Formaci\u00f3n Docente en Entornos Virtuales de Ense\u00f1anza y de Aprendizaje\u00bb.<\/p><p><strong>Directora:<\/strong> Mg. Mar\u00eda Jorgelina Plaza<\/p><p><strong>Resumen<\/strong><\/p><p>En el siglo XXI con el avance de la tecnolog\u00eda, el contexto educativo no debiera mantenerse al margen y considerar la adopci\u00f3n de las TIC en sus modelos de ense\u00f1anza y de aprendizaje. Esta adopci\u00f3n plantea las exigencias de nuevas formas de trabajo did\u00e1ctico, que las instituciones de los diferentes niveles educativos deben atender adecuadamente.<br \/>Se plantea entonces un desaf\u00edo, \u00bfc\u00f3mo incorporar las TIC en nuestras pr\u00e1cticas docentes? En 2020, la pandemia COVID-19 Sars 2 precipit\u00f3 esta incorporaci\u00f3n, que llev\u00f3 a que en su mayor\u00eda, los docentes tendieran a buscar reemplazar la presencialidad con el uso de las TIC. En esta b\u00fasqueda pretendieron replicar sus pr\u00e1cticas presenciales en el aula virtual, sin pensar bien en el sustento pedag\u00f3gico o metodolog\u00eda de ense\u00f1anza y de aprendizaje.<br \/>Los a\u00f1os de experiencia en la docencia presencial no proveen una base para transitar la ense\u00f1anza mediada por la tecnolog\u00eda y muchos docentes encuentran serias dificultades para transitarla.<br \/>Por otro lado, para que una instituci\u00f3n educativa, pueda considerar la incorporaci\u00f3n de educaci\u00f3n virtual como una opci\u00f3n pol\u00edtica, pedag\u00f3gica y did\u00e1ctica de ense\u00f1anza, se requiere de un proceso que incluye, dice Ozollo (2020), una serie de \u201cacuerdos, negociaciones, debates y tensiones entre los distintos actores involucrados\u201d. Esto implica tiempo, formaci\u00f3n y normativas.<br \/>Ante este contexto, en el que se encuentra la UNCO, este proyecto intenta trazar una propuesta de formaci\u00f3n docente que ayudar\u00e1 a la instituci\u00f3n en el proceso de incorporaci\u00f3n de las TIC en la ense\u00f1anza. Dicho proyecto fortalecer\u00e1 la formaci\u00f3n tecnol\u00f3gico-educativa de los docentes para aplicarla a sus pr\u00e1cticas, mediante la incorporaci\u00f3n de nuevos saberes que renueven el ciclo ense\u00f1ar, aprender, ense\u00f1ar.<\/p>\t\t\t\t\t\t<\/div>\n\t\t\t\t<\/div>\n\t\t\t\t\t<\/div>\n\t\t<\/div>\n\t\t\t\t\t\t\t<\/div>\n\t\t<\/section>\n\t\t\t\t<section class=\"elementor-section elementor-top-section elementor-element elementor-element-b5b76ba elementor-section-boxed elementor-section-height-default elementor-section-height-default\" data-id=\"b5b76ba\" data-element_type=\"section\">\n\t\t\t\t\t\t<div class=\"elementor-container elementor-column-gap-default\">\n\t\t\t\t\t<div class=\"elementor-column elementor-col-100 elementor-top-column elementor-element elementor-element-480bd18\" data-id=\"480bd18\" data-element_type=\"column\">\n\t\t\t<div class=\"elementor-widget-wrap elementor-element-populated\">\n\t\t\t\t\t\t\t\t<div class=\"elementor-element elementor-element-74ff1ce elementor-widget elementor-widget-image\" data-id=\"74ff1ce\" data-element_type=\"widget\" data-widget_type=\"image.default\">\n\t\t\t\t<div class=\"elementor-widget-container\">\n\t\t\t<style>\/*! elementor - v3.6.7 - 03-07-2022 *\/\n.elementor-widget-image{text-align:center}.elementor-widget-image a{display:inline-block}.elementor-widget-image a img[src$=\".svg\"]{width:48px}.elementor-widget-image img{vertical-align:middle;display:inline-block}<\/style>\t\t\t\t\t\t\t\t\t\t\t\t<img width=\"768\" height=\"436\" src=\"https:\/\/www.fi.uncoma.edu.ar\/wp-content\/uploads\/2023\/08\/captura-768x436.png\" class=\"attachment-medium_large size-medium_large\" alt=\"\" loading=\"lazy\" srcset=\"https:\/\/www.fi.uncoma.edu.ar\/wp-content\/uploads\/2023\/08\/captura-768x436.png 768w, https:\/\/www.fi.uncoma.edu.ar\/wp-content\/uploads\/2023\/08\/captura-300x170.png 300w, https:\/\/www.fi.uncoma.edu.ar\/wp-content\/uploads\/2023\/08\/captura-1024x581.png 1024w, https:\/\/www.fi.uncoma.edu.ar\/wp-content\/uploads\/2023\/08\/captura-1536x872.png 1536w, https:\/\/www.fi.uncoma.edu.ar\/wp-content\/uploads\/2023\/08\/captura.png 1902w\" sizes=\"(max-width: 768px) 100vw, 768px\" \/>\t\t\t\t\t\t\t\t\t\t\t\t\t\t\t<\/div>\n\t\t\t\t<\/div>\n\t\t\t\t\t<\/div>\n\t\t<\/div>\n\t\t\t\t\t\t\t<\/div>\n\t\t<\/section>\n\t\t\t\t\t\t\t<\/div>\n\t\t","protected":false},"excerpt":{"rendered":"<p>El d\u00eda jueves 10 de agosto de 2023 el Lic. Cristian Ilabaca, estudiante de la Maestr\u00eda en Ense\u00f1anza en Escenarios Digitales, defendi\u00f3 con \u00e9xito su trabajo Final Integrador \u00abPropuesta de formaci\u00f3n docente en entornos virtuales de ense\u00f1anza y de aprendizaje\u00bb.<\/p>\n","protected":false},"author":8,"featured_media":21619,"comment_status":"closed","ping_status":"open","sticky":false,"template":"","format":"standard","meta":{"site-sidebar-layout":"default","site-content-layout":"default","ast-global-header-display":"","ast-main-header-display":"","ast-hfb-above-header-display":"","ast-hfb-below-header-display":"","ast-hfb-mobile-header-display":"","site-post-title":"","ast-breadcrumbs-content":"","ast-featured-img":"","footer-sml-layout":"","theme-transparent-header-meta":"","adv-header-id-meta":"","stick-header-meta":"","header-above-stick-meta":"","header-main-stick-meta":"","header-below-stick-meta":""},"categories":[3,108],"tags":[105,77],"uagb_featured_image_src":{"full":["https:\/\/www.fi.uncoma.edu.ar\/wp-content\/uploads\/2023\/08\/captura.png",1902,1080,false],"thumbnail":["https:\/\/www.fi.uncoma.edu.ar\/wp-content\/uploads\/2023\/08\/captura-150x150.png",150,150,true],"medium":["https:\/\/www.fi.uncoma.edu.ar\/wp-content\/uploads\/2023\/08\/captura-300x170.png",300,170,true],"medium_large":["https:\/\/www.fi.uncoma.edu.ar\/wp-content\/uploads\/2023\/08\/captura-768x436.png",768,436,true],"large":["https:\/\/www.fi.uncoma.edu.ar\/wp-content\/uploads\/2023\/08\/captura-1024x581.png",1024,581,true],"1536x1536":["https:\/\/www.fi.uncoma.edu.ar\/wp-content\/uploads\/2023\/08\/captura-1536x872.png",1536,872,true],"2048x2048":["https:\/\/www.fi.uncoma.edu.ar\/wp-content\/uploads\/2023\/08\/captura.png",1902,1080,false]},"uagb_author_info":{"display_name":"investigaci\u00f3n postgrado","author_link":"https:\/\/www.fi.uncoma.edu.ar\/index.php\/author\/investigacion_postgrado\/"},"uagb_comment_info":0,"uagb_excerpt":"El d\u00eda jueves 10 de agosto de 2023 el Lic. Cristian Ilabaca, estudiante de la Maestr\u00eda en Ense\u00f1anza en Escenarios Digitales, defendi\u00f3 con \u00e9xito su trabajo Final Integrador \u00abPropuesta de formaci\u00f3n docente en entornos virtuales de ense\u00f1anza y de aprendizaje\u00bb.","_links":{"self":[{"href":"https:\/\/www.fi.uncoma.edu.ar\/index.php\/wp-json\/wp\/v2\/posts\/21618"}],"collection":[{"href":"https:\/\/www.fi.uncoma.edu.ar\/index.php\/wp-json\/wp\/v2\/posts"}],"about":[{"href":"https:\/\/www.fi.uncoma.edu.ar\/index.php\/wp-json\/wp\/v2\/types\/post"}],"author":[{"embeddable":true,"href":"https:\/\/www.fi.uncoma.edu.ar\/index.php\/wp-json\/wp\/v2\/users\/8"}],"replies":[{"embeddable":true,"href":"https:\/\/www.fi.uncoma.edu.ar\/index.php\/wp-json\/wp\/v2\/comments?post=21618"}],"version-history":[{"count":5,"href":"https:\/\/www.fi.uncoma.edu.ar\/index.php\/wp-json\/wp\/v2\/posts\/21618\/revisions"}],"predecessor-version":[{"id":21711,"href":"https:\/\/www.fi.uncoma.edu.ar\/index.php\/wp-json\/wp\/v2\/posts\/21618\/revisions\/21711"}],"wp:featuredmedia":[{"embeddable":true,"href":"https:\/\/www.fi.uncoma.edu.ar\/index.php\/wp-json\/wp\/v2\/media\/21619"}],"wp:attachment":[{"href":"https:\/\/www.fi.uncoma.edu.ar\/index.php\/wp-json\/wp\/v2\/media?parent=21618"}],"wp:term":[{"taxonomy":"category","embeddable":true,"href":"https:\/\/www.fi.uncoma.edu.ar\/index.php\/wp-json\/wp\/v2\/categories?post=21618"},{"taxonomy":"post_tag","embeddable":true,"href":"https:\/\/www.fi.uncoma.edu.ar\/index.php\/wp-json\/wp\/v2\/tags?post=21618"}],"curies":[{"name":"wp","href":"https:\/\/api.w.org\/{rel}","templated":true}]}}