{"id":23436,"date":"2024-02-23T01:00:00","date_gmt":"2024-02-23T04:00:00","guid":{"rendered":"https:\/\/www.fi.uncoma.edu.ar\/?p=23436"},"modified":"2024-07-03T16:36:25","modified_gmt":"2024-07-03T19:36:25","slug":"mesas-de-examen-turno-ordinario-febrero-marzo-2024","status":"publish","type":"post","link":"https:\/\/www.fi.uncoma.edu.ar\/index.php\/novedades\/mesas-de-examen-turno-ordinario-febrero-marzo-2024\/","title":{"rendered":"Mesas de examen: Turno Ordinario Febrero-Marzo 2024 (Actualizado: 23\/02\/2024)"},"content":{"rendered":"\t\t<div data-elementor-type=\"wp-post\" data-elementor-id=\"23436\" class=\"elementor elementor-23436\">\n\t\t\t\t\t\t\t\t\t<section class=\"elementor-section elementor-top-section elementor-element elementor-element-6fce61b elementor-section-boxed elementor-section-height-default elementor-section-height-default\" data-id=\"6fce61b\" data-element_type=\"section\">\n\t\t\t\t\t\t<div class=\"elementor-container elementor-column-gap-default\">\n\t\t\t\t\t<div class=\"elementor-column elementor-col-100 elementor-top-column elementor-element elementor-element-a69d7d4\" data-id=\"a69d7d4\" data-element_type=\"column\">\n\t\t\t<div class=\"elementor-widget-wrap elementor-element-populated\">\n\t\t\t\t\t\t\t\t<div class=\"elementor-element elementor-element-87d6429 elementor-widget elementor-widget-text-editor\" data-id=\"87d6429\" data-element_type=\"widget\" data-widget_type=\"text-editor.default\">\n\t\t\t\t<div class=\"elementor-widget-container\">\n\t\t\t<style>\/*! elementor - v3.6.7 - 03-07-2022 *\/\n.elementor-widget-text-editor.elementor-drop-cap-view-stacked .elementor-drop-cap{background-color:#818a91;color:#fff}.elementor-widget-text-editor.elementor-drop-cap-view-framed .elementor-drop-cap{color:#818a91;border:3px solid;background-color:transparent}.elementor-widget-text-editor:not(.elementor-drop-cap-view-default) .elementor-drop-cap{margin-top:8px}.elementor-widget-text-editor:not(.elementor-drop-cap-view-default) .elementor-drop-cap-letter{width:1em;height:1em}.elementor-widget-text-editor .elementor-drop-cap{float:left;text-align:center;line-height:1;font-size:50px}.elementor-widget-text-editor .elementor-drop-cap-letter{display:inline-block}<\/style>\t\t\t\t<p>Los ex\u00e1menes del\u00a0<strong>Turno Ordinario de Febrero-Marzo de 2024<\/strong>\u00a0se realizar\u00e1n en dos llamados:<\/p><ul><li>Primero: del 15 al 21 de febrero<\/li><li><span style=\"font-size: 16px;\">Segundo:<\/span><span style=\"font-size: 16px;\"> del 04 al 07 de marzo<\/span><\/li><\/ul><p><em>Atenci\u00f3n: Las mesas que corresponden a asignaturas dictadas por docentes de la Facultad de Ciencias de la Educaci\u00f3n, tendr\u00e1n fechas coincidentes con algunas de las publicadas para la Facultad de Econom\u00eda y Administraci\u00f3n o la Facultad de Ingenier\u00eda.<\/em><\/p><p><strong>Las inscripciones por sistema SIU estar\u00e1n habilitadas a partir del jueves 10 de enero de 2024.<\/strong><span style=\"font-family: var( --e-global-typography-text-font-family ), Sans-serif; font-weight: var( --e-global-typography-text-font-weight ); background-color: var(--ast-global-color-5); color: unset; font-size: 1rem;\">\u00a0<\/span><\/p><p><span style=\"font-family: var( --e-global-typography-text-font-family ), Sans-serif; background-color: var(--ast-global-color-5); color: unset; font-size: 1rem;\"><b>\u00a0[<a href=\"https:\/\/www.fi.uncoma.edu.ar\/wp-content\/uploads\/2024\/01\/FAI_Llamado_Ordinario_Febrero-Marzo_2024-ord-alf-V1.pdf\" target=\"_blank\" rel=\"noopener\">Ver Listado pdf<\/a>]<\/b><\/span><\/p><p><strong>NOVEDADES:<\/strong><\/p><ul><li><strong>POL\u00cdTICA EDUCACIONAL ARGENTINA:<\/strong> Se informa que el horario de las mesas de ex\u00e1menes del <strong>2do. llamado<\/strong> se modifica de las 10:00 a las <strong>14:00<\/strong> horas.<\/li><li><strong>DID\u00c1CTICA GENERAL:<\/strong> Se informaron las fechas de las mesas de ex\u00e1menes de ambos llamados 1er. llamado el <strong>19\/02\/2024<\/strong>\u00a0a las 11:00 hs. con Vto.: <em>17\/02\/2024<\/em> y 2do. llamado el <strong>07\/03\/2024<\/strong> a las 11:00 hs. con Vto.: <em>05\/03\/2024<\/em>.<\/li><li><strong>PSICOLOG\u00cdA I:<\/strong> Se informaron las fechas de las mesas de ex\u00e1menes de ambos llamados 1er. llamado el <strong>21\/02\/2024<\/strong> a las 09:00 hs. con Vto.: <em>19\/02\/2024<\/em> y 2do. llamado el <strong>07\/03\/2024<\/strong> a las 09:00 hs. con Vto.: <em>05\/03\/2024<\/em>.<\/li><li><strong>PSICOLOG\u00cdA II:<\/strong> Se informaron las fechas de las mesas de ex\u00e1menes de ambos llamados 1er. llamado el <strong>21\/02\/2024<\/strong> a las 16:00 hs. con Vto.: <em>19\/02\/2024<\/em> y 2do. llamado el <strong>07\/03\/2024<\/strong> a las 16:00 hs. con Vto.: <em>05\/03\/2024<\/em>.<\/li><li><strong>PEDAGOG\u00cdA:<\/strong> Se informaron las fechas de las mesas de ex\u00e1menes de ambos llamados 1er. llamado el <strong>19\/02\/2024<\/strong> a las 08:30 hs. con Vto.: <em>17\/02\/2024<\/em> y 2do. llamado el <strong>15\/03\/2024<\/strong> a las 08:30 hs. con Vto.: <em>13\/03\/2024<\/em>.<\/li><li><strong>POL\u00cdTICA EDUCACIONAL ARGENTINA:<\/strong> Se informaron las fechas de las mesas de ex\u00e1menes de ambos llamados 1er. llamado el <strong>19\/02\/2024<\/strong> a las 10:00 hs. con Vto.: <em>17\/02\/2024<\/em> y 2do. llamado el <strong>07\/03\/2024<\/strong> a las 10:00 hs. con Vto.: <em>05\/03\/2024<\/em>.<\/li><\/ul>\t\t\t\t\t\t<\/div>\n\t\t\t\t<\/div>\n\t\t\t\t\t<\/div>\n\t\t<\/div>\n\t\t\t\t\t\t\t<\/div>\n\t\t<\/section>\n\t\t\t\t<section class=\"elementor-section elementor-top-section elementor-element elementor-element-6c810404 elementor-section-boxed elementor-section-height-default elementor-section-height-default\" data-id=\"6c810404\" data-element_type=\"section\">\n\t\t\t\t\t\t<div class=\"elementor-container elementor-column-gap-default\">\n\t\t\t\t\t<div class=\"elementor-column elementor-col-33 elementor-top-column elementor-element elementor-element-7cb6772d\" data-id=\"7cb6772d\" data-element_type=\"column\">\n\t\t\t<div class=\"elementor-widget-wrap\">\n\t\t\t\t\t\t\t\t\t<\/div>\n\t\t<\/div>\n\t\t\t\t<div class=\"make-column-clickable-elementor elementor-column elementor-col-33 elementor-top-column elementor-element elementor-element-7ecf5d7d\" style=\"cursor: pointer;\" data-column-clickable=\"http:\/\/www.fi.uncoma.edu.ar\/wp-content\/uploads\/2022\/07\/2022_FAI_Llamado_Ordinario_Julio_Agosto.pdf\" data-column-clickable-blank=\"_self\" data-id=\"7ecf5d7d\" data-element_type=\"column\">\n\t\t\t<div class=\"elementor-widget-wrap\">\n\t\t\t\t\t\t\t\t\t<\/div>\n\t\t<\/div>\n\t\t\t\t<div class=\"elementor-column elementor-col-33 elementor-top-column elementor-element elementor-element-71c0b1d3\" data-id=\"71c0b1d3\" data-element_type=\"column\">\n\t\t\t<div class=\"elementor-widget-wrap\">\n\t\t\t\t\t\t\t\t\t<\/div>\n\t\t<\/div>\n\t\t\t\t\t\t\t<\/div>\n\t\t<\/section>\n\t\t\t\t\t\t\t<\/div>\n\t\t","protected":false},"excerpt":{"rendered":"<p>Los ex\u00e1menes del\u00a0Turno Ordinario de Febrero-Marzo de 2024\u00a0se realizar\u00e1n en dos llamados:<\/p>\n<p>Primero: del 15 al 21 de febrero *<br \/>\nSegundo: del 04 al 07 de marzo *<\/p>\n<p>* Las mesas que corresponden a asignaturas dictadas por docentes de la Facultad de Ciencias de la Educaci\u00f3n, tendr\u00e1n fechas coincidentes con algunas de las publicadas para la Facultad de Econom\u00eda y Administraci\u00f3n o la Facultad de Ingenier\u00eda.<\/p>\n<p>ATENCI\u00d3N!!! Hay modificaciones, ver las novedades.<\/p>\n","protected":false},"author":5,"featured_media":20338,"comment_status":"closed","ping_status":"open","sticky":false,"template":"","format":"standard","meta":{"site-sidebar-layout":"default","site-content-layout":"default","ast-global-header-display":"","ast-main-header-display":"","ast-hfb-above-header-display":"","ast-hfb-below-header-display":"","ast-hfb-mobile-header-display":"","site-post-title":"","ast-breadcrumbs-content":"","ast-featured-img":"","footer-sml-layout":"","theme-transparent-header-meta":"","adv-header-id-meta":"","stick-header-meta":"","header-above-stick-meta":"","header-main-stick-meta":"","header-below-stick-meta":""},"categories":[82,3],"tags":[],"uagb_featured_image_src":{"full":["https:\/\/www.fi.uncoma.edu.ar\/wp-content\/uploads\/2023\/02\/imagen_2023-02-11_012658401.png",1024,1024,false],"thumbnail":["https:\/\/www.fi.uncoma.edu.ar\/wp-content\/uploads\/2023\/02\/imagen_2023-02-11_012658401-150x150.png",150,150,true],"medium":["https:\/\/www.fi.uncoma.edu.ar\/wp-content\/uploads\/2023\/02\/imagen_2023-02-11_012658401-300x300.png",300,300,true],"medium_large":["https:\/\/www.fi.uncoma.edu.ar\/wp-content\/uploads\/2023\/02\/imagen_2023-02-11_012658401-768x768.png",768,768,true],"large":["https:\/\/www.fi.uncoma.edu.ar\/wp-content\/uploads\/2023\/02\/imagen_2023-02-11_012658401.png",1024,1024,false],"1536x1536":["https:\/\/www.fi.uncoma.edu.ar\/wp-content\/uploads\/2023\/02\/imagen_2023-02-11_012658401.png",1024,1024,false],"2048x2048":["https:\/\/www.fi.uncoma.edu.ar\/wp-content\/uploads\/2023\/02\/imagen_2023-02-11_012658401.png",1024,1024,false]},"uagb_author_info":{"display_name":"departamentos alumnos","author_link":"https:\/\/www.fi.uncoma.edu.ar\/index.php\/author\/deptoalumnos\/"},"uagb_comment_info":0,"uagb_excerpt":"Los ex\u00e1menes del\u00a0Turno Ordinario de Febrero-Marzo de 2024\u00a0se realizar\u00e1n en dos llamados: Primero: del 15 al 21 de febrero * Segundo: del 04 al 07 de marzo * * Las mesas que corresponden a asignaturas dictadas por docentes de la Facultad de Ciencias de la Educaci\u00f3n, tendr\u00e1n fechas coincidentes con algunas de las publicadas para&hellip;","_links":{"self":[{"href":"https:\/\/www.fi.uncoma.edu.ar\/index.php\/wp-json\/wp\/v2\/posts\/23436"}],"collection":[{"href":"https:\/\/www.fi.uncoma.edu.ar\/index.php\/wp-json\/wp\/v2\/posts"}],"about":[{"href":"https:\/\/www.fi.uncoma.edu.ar\/index.php\/wp-json\/wp\/v2\/types\/post"}],"author":[{"embeddable":true,"href":"https:\/\/www.fi.uncoma.edu.ar\/index.php\/wp-json\/wp\/v2\/users\/5"}],"replies":[{"embeddable":true,"href":"https:\/\/www.fi.uncoma.edu.ar\/index.php\/wp-json\/wp\/v2\/comments?post=23436"}],"version-history":[{"count":31,"href":"https:\/\/www.fi.uncoma.edu.ar\/index.php\/wp-json\/wp\/v2\/posts\/23436\/revisions"}],"predecessor-version":[{"id":25004,"href":"https:\/\/www.fi.uncoma.edu.ar\/index.php\/wp-json\/wp\/v2\/posts\/23436\/revisions\/25004"}],"wp:featuredmedia":[{"embeddable":true,"href":"https:\/\/www.fi.uncoma.edu.ar\/index.php\/wp-json\/wp\/v2\/media\/20338"}],"wp:attachment":[{"href":"https:\/\/www.fi.uncoma.edu.ar\/index.php\/wp-json\/wp\/v2\/media?parent=23436"}],"wp:term":[{"taxonomy":"category","embeddable":true,"href":"https:\/\/www.fi.uncoma.edu.ar\/index.php\/wp-json\/wp\/v2\/categories?post=23436"},{"taxonomy":"post_tag","embeddable":true,"href":"https:\/\/www.fi.uncoma.edu.ar\/index.php\/wp-json\/wp\/v2\/tags?post=23436"}],"curies":[{"name":"wp","href":"https:\/\/api.w.org\/{rel}","templated":true}]}}