{"id":23448,"date":"2024-02-02T21:47:32","date_gmt":"2024-02-03T00:47:32","guid":{"rendered":"https:\/\/www.fi.uncoma.edu.ar\/?p=23448"},"modified":"2024-02-06T13:09:27","modified_gmt":"2024-02-06T16:09:27","slug":"ingresantes-2024-evaluacion-de-diagnostico-de-matematica","status":"publish","type":"post","link":"https:\/\/www.fi.uncoma.edu.ar\/index.php\/novedades\/ingresantes-2024-evaluacion-de-diagnostico-de-matematica\/","title":{"rendered":"Ingresantes 2024: Evaluaci\u00f3n de diagn\u00f3stico de matem\u00e1tica"},"content":{"rendered":"\t\t<div data-elementor-type=\"wp-post\" data-elementor-id=\"23448\" class=\"elementor elementor-23448\">\n\t\t\t\t\t\t\t\t\t<section class=\"elementor-section elementor-top-section elementor-element elementor-element-67fd3c3b elementor-section-boxed elementor-section-height-default elementor-section-height-default\" data-id=\"67fd3c3b\" data-element_type=\"section\">\n\t\t\t\t\t\t<div class=\"elementor-container elementor-column-gap-default\">\n\t\t\t\t\t<div class=\"elementor-column elementor-col-100 elementor-top-column elementor-element elementor-element-7afa7446\" data-id=\"7afa7446\" data-element_type=\"column\">\n\t\t\t<div class=\"elementor-widget-wrap elementor-element-populated\">\n\t\t\t\t\t\t\t\t<div class=\"elementor-element elementor-element-32b6e90c elementor-widget elementor-widget-text-editor\" data-id=\"32b6e90c\" data-element_type=\"widget\" data-widget_type=\"text-editor.default\">\n\t\t\t\t<div class=\"elementor-widget-container\">\n\t\t\t<style>\/*! elementor - v3.6.7 - 03-07-2022 *\/\n.elementor-widget-text-editor.elementor-drop-cap-view-stacked .elementor-drop-cap{background-color:#818a91;color:#fff}.elementor-widget-text-editor.elementor-drop-cap-view-framed .elementor-drop-cap{color:#818a91;border:3px solid;background-color:transparent}.elementor-widget-text-editor:not(.elementor-drop-cap-view-default) .elementor-drop-cap{margin-top:8px}.elementor-widget-text-editor:not(.elementor-drop-cap-view-default) .elementor-drop-cap-letter{width:1em;height:1em}.elementor-widget-text-editor .elementor-drop-cap{float:left;text-align:center;line-height:1;font-size:50px}.elementor-widget-text-editor .elementor-drop-cap-letter{display:inline-block}<\/style>\t\t\t\t<p dir=\"ltr\" style=\"line-height: 1.295; margin-top: 0pt; margin-bottom: 8pt;\"><span style=\"font-size: 11pt; font-family: Calibri,sans-serif; color: #000000; background-color: transparent; font-weight: 400; font-style: normal; font-variant: normal; text-decoration: none; vertical-align: baseline; white-space: pre-wrap;\">Si cre\u00e9s que est\u00e1s bien preparado en matem\u00e1ticas y no necesit\u00e1s hacer el curso de nivelaci\u00f3n, inscribite para rendir una evaluaci\u00f3n de diagn\u00f3stico previa al curso el d\u00eda <\/span><span style=\"font-size: 11pt; font-family: Calibri, sans-serif; color: #000000; background-color: transparent; font-style: normal; font-variant: normal; text-decoration: none; vertical-align: baseline; white-space: pre-wrap;\"><b>mi\u00e9rcoles 7\/2 a las 9 hs<\/b><\/span><span style=\"font-size: 11pt; font-family: Calibri,sans-serif; color: #000000; background-color: transparent; font-weight: 400; font-style: normal; font-variant: normal; text-decoration: none; vertical-align: baseline; white-space: pre-wrap;\">.<\/span><\/p><p dir=\"ltr\" style=\"line-height: 1.295; margin-top: 0pt; margin-bottom: 8pt;\"><span style=\"font-size: 11pt; font-family: Calibri,sans-serif; color: #000000; background-color: transparent; font-weight: 400; font-style: normal; font-variant: normal; text-decoration: none; vertical-align: baseline; white-space: pre-wrap;\"><strong>Inscripci\u00f3n habilitada hasta el <span style=\"text-decoration: underline;\">martes 6\/2 a las 12 hs<\/span><\/strong>.\u00a0<\/span><\/p><p><span style=\"background-color: transparent; font-family: Calibri, sans-serif; font-size: 11pt; white-space-collapse: preserve;\">Respecto al examen, n<\/span><span style=\"background-color: transparent; font-family: Calibri, sans-serif; font-size: 11pt; white-space-collapse: preserve; font-style: inherit; font-weight: inherit; color: unset;\">os encontramos el mi\u00e9rcoles 7\/2 a las 8:45 en el hall del edificio de la FAI. <\/span><span style=\"background-color: transparent; font-family: Calibri, sans-serif; font-size: 11pt; white-space-collapse: preserve; font-style: inherit; font-weight: inherit; color: unset;\">La evaluaci\u00f3n ser\u00e1 en el aula i1 de 9 a 11 hs. <\/span><span style=\"font-style: inherit; font-weight: inherit; background-color: transparent; color: unset; font-size: 11pt; font-family: Calibri, sans-serif; font-variant-numeric: normal; font-variant-east-asian: normal; font-variant-alternates: normal; font-variant-position: normal; vertical-align: baseline; white-space-collapse: preserve;\">En caso de aprobar, solo deber\u00e1s asistir al Taller de Vida Universitaria.\u00a0<\/span><span style=\"font-style: inherit; font-weight: inherit; background-color: transparent; color: unset; font-family: Calibri, sans-serif; font-size: 11pt; white-space-collapse: preserve;\">Caso contrario, deber\u00e1s asistir tambi\u00e9n al Curso de Matem\u00e1ticas.<\/span><\/p><div><span style=\"font-size: 11pt; font-family: Calibri,sans-serif; color: #000000; background-color: transparent; font-weight: 400; font-style: normal; font-variant: normal; text-decoration: none; vertical-align: baseline; white-space: pre-wrap;\">\u00a0<\/span><\/div>\t\t\t\t\t\t<\/div>\n\t\t\t\t<\/div>\n\t\t\t\t\t<\/div>\n\t\t<\/div>\n\t\t\t\t\t\t\t<\/div>\n\t\t<\/section>\n\t\t\t\t<section class=\"elementor-section elementor-top-section elementor-element elementor-element-a4d6fdb elementor-section-boxed elementor-section-height-default elementor-section-height-default\" data-id=\"a4d6fdb\" data-element_type=\"section\">\n\t\t\t\t\t\t<div class=\"elementor-container elementor-column-gap-default\">\n\t\t\t\t\t<div class=\"elementor-column elementor-col-100 elementor-top-column elementor-element elementor-element-b56d2db\" data-id=\"b56d2db\" data-element_type=\"column\">\n\t\t\t<div class=\"elementor-widget-wrap\">\n\t\t\t\t\t\t\t\t\t<\/div>\n\t\t<\/div>\n\t\t\t\t\t\t\t<\/div>\n\t\t<\/section>\n\t\t\t\t\t\t\t<\/div>\n\t\t","protected":false},"excerpt":{"rendered":"<p>Debido al pron\u00f3stico de altas temperaturas para el d\u00eda martes 6\/2,  desde la FAI se decidi\u00f3 pasar la evaluaci\u00f3n al mi\u00e9rcoles 7\/2 a las 9 hs. <\/p>\n<p>Para m\u00e1s informaci\u00f3n, hac\u00e9 click en el t\u00edtulo de esta noticia.<\/p>\n","protected":false},"author":4,"featured_media":16018,"comment_status":"closed","ping_status":"open","sticky":false,"template":"","format":"standard","meta":{"site-sidebar-layout":"default","site-content-layout":"default","ast-global-header-display":"","ast-main-header-display":"","ast-hfb-above-header-display":"","ast-hfb-below-header-display":"","ast-hfb-mobile-header-display":"","site-post-title":"","ast-breadcrumbs-content":"","ast-featured-img":"","footer-sml-layout":"","theme-transparent-header-meta":"","adv-header-id-meta":"","stick-header-meta":"","header-above-stick-meta":"","header-main-stick-meta":"","header-below-stick-meta":""},"categories":[3],"tags":[],"uagb_featured_image_src":{"full":["https:\/\/www.fi.uncoma.edu.ar\/wp-content\/uploads\/2022\/06\/Broadcast-rafiki.png",2000,2000,false],"thumbnail":["https:\/\/www.fi.uncoma.edu.ar\/wp-content\/uploads\/2022\/06\/Broadcast-rafiki-150x150.png",150,150,true],"medium":["https:\/\/www.fi.uncoma.edu.ar\/wp-content\/uploads\/2022\/06\/Broadcast-rafiki-300x300.png",300,300,true],"medium_large":["https:\/\/www.fi.uncoma.edu.ar\/wp-content\/uploads\/2022\/06\/Broadcast-rafiki-768x768.png",768,768,true],"large":["https:\/\/www.fi.uncoma.edu.ar\/wp-content\/uploads\/2022\/06\/Broadcast-rafiki-1024x1024.png",1024,1024,true],"1536x1536":["https:\/\/www.fi.uncoma.edu.ar\/wp-content\/uploads\/2022\/06\/Broadcast-rafiki-1536x1536.png",1536,1536,true],"2048x2048":["https:\/\/www.fi.uncoma.edu.ar\/wp-content\/uploads\/2022\/06\/Broadcast-rafiki.png",2000,2000,false]},"uagb_author_info":{"display_name":"editor Fai","author_link":"https:\/\/www.fi.uncoma.edu.ar\/index.php\/author\/editorfai\/"},"uagb_comment_info":0,"uagb_excerpt":"Debido al pron\u00f3stico de altas temperaturas para el d\u00eda martes 6\/2, desde la FAI se decidi\u00f3 pasar la evaluaci\u00f3n al mi\u00e9rcoles 7\/2 a las 9 hs. Para m\u00e1s informaci\u00f3n, hac\u00e9 click en el t\u00edtulo de esta noticia.","_links":{"self":[{"href":"https:\/\/www.fi.uncoma.edu.ar\/index.php\/wp-json\/wp\/v2\/posts\/23448"}],"collection":[{"href":"https:\/\/www.fi.uncoma.edu.ar\/index.php\/wp-json\/wp\/v2\/posts"}],"about":[{"href":"https:\/\/www.fi.uncoma.edu.ar\/index.php\/wp-json\/wp\/v2\/types\/post"}],"author":[{"embeddable":true,"href":"https:\/\/www.fi.uncoma.edu.ar\/index.php\/wp-json\/wp\/v2\/users\/4"}],"replies":[{"embeddable":true,"href":"https:\/\/www.fi.uncoma.edu.ar\/index.php\/wp-json\/wp\/v2\/comments?post=23448"}],"version-history":[{"count":21,"href":"https:\/\/www.fi.uncoma.edu.ar\/index.php\/wp-json\/wp\/v2\/posts\/23448\/revisions"}],"predecessor-version":[{"id":23490,"href":"https:\/\/www.fi.uncoma.edu.ar\/index.php\/wp-json\/wp\/v2\/posts\/23448\/revisions\/23490"}],"wp:featuredmedia":[{"embeddable":true,"href":"https:\/\/www.fi.uncoma.edu.ar\/index.php\/wp-json\/wp\/v2\/media\/16018"}],"wp:attachment":[{"href":"https:\/\/www.fi.uncoma.edu.ar\/index.php\/wp-json\/wp\/v2\/media?parent=23448"}],"wp:term":[{"taxonomy":"category","embeddable":true,"href":"https:\/\/www.fi.uncoma.edu.ar\/index.php\/wp-json\/wp\/v2\/categories?post=23448"},{"taxonomy":"post_tag","embeddable":true,"href":"https:\/\/www.fi.uncoma.edu.ar\/index.php\/wp-json\/wp\/v2\/tags?post=23448"}],"curies":[{"name":"wp","href":"https:\/\/api.w.org\/{rel}","templated":true}]}}