{"id":23855,"date":"2024-02-29T19:49:32","date_gmt":"2024-02-29T22:49:32","guid":{"rendered":"https:\/\/www.fi.uncoma.edu.ar\/?p=23855"},"modified":"2024-03-01T17:02:43","modified_gmt":"2024-03-01T20:02:43","slug":"nuevos-comienzos-para-la-dra-alejandra-cechich","status":"publish","type":"post","link":"https:\/\/www.fi.uncoma.edu.ar\/index.php\/novedades\/nuevos-comienzos-para-la-dra-alejandra-cechich\/","title":{"rendered":"Nuevos comienzos para la Dra. Alejandra Cechich"},"content":{"rendered":"\t\t<div data-elementor-type=\"wp-post\" data-elementor-id=\"23855\" class=\"elementor elementor-23855\">\n\t\t\t\t\t\t\t\t\t<section class=\"elementor-section elementor-top-section elementor-element elementor-element-83fba10 elementor-section-boxed elementor-section-height-default elementor-section-height-default\" data-id=\"83fba10\" data-element_type=\"section\">\n\t\t\t\t\t\t<div class=\"elementor-container elementor-column-gap-default\">\n\t\t\t\t\t<div class=\"elementor-column elementor-col-100 elementor-top-column elementor-element elementor-element-a7c4e85\" data-id=\"a7c4e85\" data-element_type=\"column\">\n\t\t\t<div class=\"elementor-widget-wrap elementor-element-populated\">\n\t\t\t\t\t\t\t\t<div class=\"elementor-element elementor-element-e0602a0 elementor-widget elementor-widget-text-editor\" data-id=\"e0602a0\" data-element_type=\"widget\" data-widget_type=\"text-editor.default\">\n\t\t\t\t<div class=\"elementor-widget-container\">\n\t\t\t<style>\/*! elementor - v3.6.7 - 03-07-2022 *\/\n.elementor-widget-text-editor.elementor-drop-cap-view-stacked .elementor-drop-cap{background-color:#818a91;color:#fff}.elementor-widget-text-editor.elementor-drop-cap-view-framed .elementor-drop-cap{color:#818a91;border:3px solid;background-color:transparent}.elementor-widget-text-editor:not(.elementor-drop-cap-view-default) .elementor-drop-cap{margin-top:8px}.elementor-widget-text-editor:not(.elementor-drop-cap-view-default) .elementor-drop-cap-letter{width:1em;height:1em}.elementor-widget-text-editor .elementor-drop-cap{float:left;text-align:center;line-height:1;font-size:50px}.elementor-widget-text-editor .elementor-drop-cap-letter{display:inline-block}<\/style>\t\t\t\t<p><span style=\"font-weight: 400;\">El d\u00eda 29 de febrero de 2024, en la primera sesi\u00f3n anual del Consejo Directivo, fue aceptada la renuncia de la Dra. Alejandra Cechich a su cargo de Profesora Titular de la Facultad de Inform\u00e1tica, dado que lleg\u00f3 el momento de su jubilaci\u00f3n.<\/span><\/p><p><span style=\"font-weight: 400;\">Alejandra ha formado parte desde los inicios de las carreras de inform\u00e1tica en UNCOMA, y ha contribuido no solo desde su rol como docente y directora de departamento, sino tambi\u00e9n en la creaci\u00f3n y direcci\u00f3n de carreras de grado y posgrado de nuestra facultad, as\u00ed como en equipos de expertos para diferentes organismos nacionales. Por otro lado, ha liderado la creaci\u00f3n y direcci\u00f3n de proyectos de investigaci\u00f3n y la formaci\u00f3n de investigadores de nuestra facultad en las \u00e1reas de la Ingenier\u00eda de Sistemas, logrando un amplio reconocimiento tanto a nivel nacional como internacional.<\/span><\/p><p><span style=\"font-weight: 400;\">Sus compa\u00f1er@s agradecemos el arduo trabajo realizado durante todos estos a\u00f1os, el compromiso en cada una de sus actividades y su \u00e9tica profesional; y destacamos su compa\u00f1erismo y su buena predisposici\u00f3n con todos los que formamos la comunidad de la FAI.<\/span><\/p><p><span style=\"font-weight: 400;\">Nos complace saber que \u00e9ste es solo el comienzo de una nueva etapa, y que aunque aproveche su tiempo libre para disfrutar de una merecida jubilaci\u00f3n, a\u00fan seguir\u00e1 formando parte de los proyectos de nuestra facultad y seguiremos contando con su apoyo y el conocimiento que le da su amplia trayectoria.<\/span><\/p>\t\t\t\t\t\t<\/div>\n\t\t\t\t<\/div>\n\t\t\t\t\t<\/div>\n\t\t<\/div>\n\t\t\t\t\t\t\t<\/div>\n\t\t<\/section>\n\t\t\t\t<section class=\"elementor-section elementor-top-section elementor-element elementor-element-f4e29f0 elementor-section-boxed elementor-section-height-default elementor-section-height-default\" data-id=\"f4e29f0\" data-element_type=\"section\">\n\t\t\t\t\t\t<div class=\"elementor-container elementor-column-gap-default\">\n\t\t\t\t\t<div class=\"elementor-column elementor-col-100 elementor-top-column elementor-element elementor-element-82a5165\" data-id=\"82a5165\" data-element_type=\"column\">\n\t\t\t<div class=\"elementor-widget-wrap elementor-element-populated\">\n\t\t\t\t\t\t\t\t<div class=\"elementor-element elementor-element-ed90673 elementor-widget elementor-widget-image\" data-id=\"ed90673\" data-element_type=\"widget\" data-widget_type=\"image.default\">\n\t\t\t\t<div class=\"elementor-widget-container\">\n\t\t\t<style>\/*! elementor - v3.6.7 - 03-07-2022 *\/\n.elementor-widget-image{text-align:center}.elementor-widget-image a{display:inline-block}.elementor-widget-image a img[src$=\".svg\"]{width:48px}.elementor-widget-image img{vertical-align:middle;display:inline-block}<\/style>\t\t\t\t\t\t\t\t\t\t\t\t<img width=\"1024\" height=\"438\" src=\"https:\/\/www.fi.uncoma.edu.ar\/wp-content\/uploads\/2024\/02\/jubilacion-cechich-1024x438.jpg\" class=\"attachment-large size-large\" alt=\"\" loading=\"lazy\" srcset=\"https:\/\/www.fi.uncoma.edu.ar\/wp-content\/uploads\/2024\/02\/jubilacion-cechich-1024x438.jpg 1024w, https:\/\/www.fi.uncoma.edu.ar\/wp-content\/uploads\/2024\/02\/jubilacion-cechich-300x128.jpg 300w, https:\/\/www.fi.uncoma.edu.ar\/wp-content\/uploads\/2024\/02\/jubilacion-cechich-768x329.jpg 768w, https:\/\/www.fi.uncoma.edu.ar\/wp-content\/uploads\/2024\/02\/jubilacion-cechich.jpg 1185w\" sizes=\"(max-width: 1024px) 100vw, 1024px\" \/>\t\t\t\t\t\t\t\t\t\t\t\t\t\t\t<\/div>\n\t\t\t\t<\/div>\n\t\t\t\t\t<\/div>\n\t\t<\/div>\n\t\t\t\t\t\t\t<\/div>\n\t\t<\/section>\n\t\t\t\t\t\t\t<\/div>\n\t\t","protected":false},"excerpt":{"rendered":"<p>El d\u00eda 29 de febrero de 2024, en la primera sesi\u00f3n anual del Consejo Directivo, fue aceptada la renuncia de la Dra. Alejandra Cechich a su cargo de profesora titular de la Facultad de Inform\u00e1tica, dado que lleg\u00f3 el momento de su jubilaci\u00f3n.<\/p>\n","protected":false},"author":4,"featured_media":23859,"comment_status":"closed","ping_status":"open","sticky":false,"template":"","format":"standard","meta":{"site-sidebar-layout":"default","site-content-layout":"default","ast-global-header-display":"","ast-main-header-display":"","ast-hfb-above-header-display":"","ast-hfb-below-header-display":"","ast-hfb-mobile-header-display":"","site-post-title":"","ast-breadcrumbs-content":"","ast-featured-img":"","footer-sml-layout":"","theme-transparent-header-meta":"","adv-header-id-meta":"","stick-header-meta":"","header-above-stick-meta":"","header-main-stick-meta":"","header-below-stick-meta":""},"categories":[3],"tags":[],"uagb_featured_image_src":{"full":["https:\/\/www.fi.uncoma.edu.ar\/wp-content\/uploads\/2024\/02\/jubilacion-cechich.jpg",1185,507,false],"thumbnail":["https:\/\/www.fi.uncoma.edu.ar\/wp-content\/uploads\/2024\/02\/jubilacion-cechich-150x150.jpg",150,150,true],"medium":["https:\/\/www.fi.uncoma.edu.ar\/wp-content\/uploads\/2024\/02\/jubilacion-cechich-300x128.jpg",300,128,true],"medium_large":["https:\/\/www.fi.uncoma.edu.ar\/wp-content\/uploads\/2024\/02\/jubilacion-cechich-768x329.jpg",768,329,true],"large":["https:\/\/www.fi.uncoma.edu.ar\/wp-content\/uploads\/2024\/02\/jubilacion-cechich-1024x438.jpg",1024,438,true],"1536x1536":["https:\/\/www.fi.uncoma.edu.ar\/wp-content\/uploads\/2024\/02\/jubilacion-cechich.jpg",1185,507,false],"2048x2048":["https:\/\/www.fi.uncoma.edu.ar\/wp-content\/uploads\/2024\/02\/jubilacion-cechich.jpg",1185,507,false]},"uagb_author_info":{"display_name":"editor Fai","author_link":"https:\/\/www.fi.uncoma.edu.ar\/index.php\/author\/editorfai\/"},"uagb_comment_info":0,"uagb_excerpt":"El d\u00eda 29 de febrero de 2024, en la primera sesi\u00f3n anual del Consejo Directivo, fue aceptada la renuncia de la Dra. Alejandra Cechich a su cargo de profesora titular de la Facultad de Inform\u00e1tica, dado que lleg\u00f3 el momento de su jubilaci\u00f3n.","_links":{"self":[{"href":"https:\/\/www.fi.uncoma.edu.ar\/index.php\/wp-json\/wp\/v2\/posts\/23855"}],"collection":[{"href":"https:\/\/www.fi.uncoma.edu.ar\/index.php\/wp-json\/wp\/v2\/posts"}],"about":[{"href":"https:\/\/www.fi.uncoma.edu.ar\/index.php\/wp-json\/wp\/v2\/types\/post"}],"author":[{"embeddable":true,"href":"https:\/\/www.fi.uncoma.edu.ar\/index.php\/wp-json\/wp\/v2\/users\/4"}],"replies":[{"embeddable":true,"href":"https:\/\/www.fi.uncoma.edu.ar\/index.php\/wp-json\/wp\/v2\/comments?post=23855"}],"version-history":[{"count":31,"href":"https:\/\/www.fi.uncoma.edu.ar\/index.php\/wp-json\/wp\/v2\/posts\/23855\/revisions"}],"predecessor-version":[{"id":23905,"href":"https:\/\/www.fi.uncoma.edu.ar\/index.php\/wp-json\/wp\/v2\/posts\/23855\/revisions\/23905"}],"wp:featuredmedia":[{"embeddable":true,"href":"https:\/\/www.fi.uncoma.edu.ar\/index.php\/wp-json\/wp\/v2\/media\/23859"}],"wp:attachment":[{"href":"https:\/\/www.fi.uncoma.edu.ar\/index.php\/wp-json\/wp\/v2\/media?parent=23855"}],"wp:term":[{"taxonomy":"category","embeddable":true,"href":"https:\/\/www.fi.uncoma.edu.ar\/index.php\/wp-json\/wp\/v2\/categories?post=23855"},{"taxonomy":"post_tag","embeddable":true,"href":"https:\/\/www.fi.uncoma.edu.ar\/index.php\/wp-json\/wp\/v2\/tags?post=23855"}],"curies":[{"name":"wp","href":"https:\/\/api.w.org\/{rel}","templated":true}]}}