{"id":243,"date":"2014-08-07T00:00:00","date_gmt":"2014-08-07T00:00:00","guid":{"rendered":"http:\/\/ijandev-test.fi.uncoma.edu.ar\/Wordpress\/index.php\/2014\/08\/07\/cambio-de-aula\/"},"modified":"2022-02-06T22:08:09","modified_gmt":"2022-02-07T01:08:09","slug":"cambio-de-aula","status":"publish","type":"post","link":"https:\/\/www.fi.uncoma.edu.ar\/index.php\/novedades\/cambio-de-aula\/","title":{"rendered":"Cambio de Aula"},"content":{"rendered":"<h3 style=\"text-align: center;\">Cambio de Aula<\/h3>\n<div>Ante la inquietud planteada por el Centro de Estudiantes por un  cartel de \u00abClausura\u00bb del Aula 16 y las consultas realizadas a Secretar\u00eda  Acad\u00e9mica de la Universidad, las clases previstas en ese aula pasar\u00e1n  al<strong> Aula 21 <\/strong>en el mismo horario.<\/div>\n<ul>\n<li>Martes de 14 a 16 hs.: Ingenier\u00eda de Requerimientos<\/li>\n<li>Jueves de 13 a 15 hs.: Elementos de Teor\u00eda de la Computaci\u00f3n<\/li>\n<\/ul>\n<p><em><strong> <\/strong><\/em><\/p>\n<ul>\n<\/ul>\n","protected":false},"excerpt":{"rendered":"<p>Cambio de Aula Ante la inquietud planteada por el Centro de Estudiantes por un cartel de \u00abClausura\u00bb del Aula 16 y las consultas realizadas a Secretar\u00eda Acad\u00e9mica de la Universidad, las clases previstas en ese aula pasar\u00e1n al Aula 21 en el mismo horario. Martes de 14 a 16 hs.: Ingenier\u00eda de Requerimientos Jueves de &hellip;<\/p>\n<p class=\"read-more\"> <a class=\"\" href=\"https:\/\/www.fi.uncoma.edu.ar\/index.php\/novedades\/cambio-de-aula\/\"> <span class=\"screen-reader-text\">Cambio de Aula<\/span> Leer m\u00e1s &raquo;<\/a><\/p>\n","protected":false},"author":1,"featured_media":0,"comment_status":"closed","ping_status":"open","sticky":false,"template":"","format":"standard","meta":{"site-sidebar-layout":"default","site-content-layout":"default","ast-global-header-display":"","ast-main-header-display":"","ast-hfb-above-header-display":"","ast-hfb-below-header-display":"","ast-hfb-mobile-header-display":"","site-post-title":"","ast-breadcrumbs-content":"","ast-featured-img":"","footer-sml-layout":"","theme-transparent-header-meta":"","adv-header-id-meta":"","stick-header-meta":"","header-above-stick-meta":"","header-main-stick-meta":"","header-below-stick-meta":""},"categories":[3],"tags":[],"uagb_featured_image_src":{"full":false,"thumbnail":false,"medium":false,"medium_large":false,"large":false,"1536x1536":false,"2048x2048":false},"uagb_author_info":{"display_name":"ufai","author_link":"https:\/\/www.fi.uncoma.edu.ar\/index.php\/author\/ufai\/"},"uagb_comment_info":0,"uagb_excerpt":"Cambio de Aula Ante la inquietud planteada por el Centro de Estudiantes por un cartel de \u00abClausura\u00bb del Aula 16 y las consultas realizadas a Secretar\u00eda Acad\u00e9mica de la Universidad, las clases previstas en ese aula pasar\u00e1n al Aula 21 en el mismo horario. Martes de 14 a 16 hs.: Ingenier\u00eda de Requerimientos Jueves de&hellip;","_links":{"self":[{"href":"https:\/\/www.fi.uncoma.edu.ar\/index.php\/wp-json\/wp\/v2\/posts\/243"}],"collection":[{"href":"https:\/\/www.fi.uncoma.edu.ar\/index.php\/wp-json\/wp\/v2\/posts"}],"about":[{"href":"https:\/\/www.fi.uncoma.edu.ar\/index.php\/wp-json\/wp\/v2\/types\/post"}],"author":[{"embeddable":true,"href":"https:\/\/www.fi.uncoma.edu.ar\/index.php\/wp-json\/wp\/v2\/users\/1"}],"replies":[{"embeddable":true,"href":"https:\/\/www.fi.uncoma.edu.ar\/index.php\/wp-json\/wp\/v2\/comments?post=243"}],"version-history":[{"count":1,"href":"https:\/\/www.fi.uncoma.edu.ar\/index.php\/wp-json\/wp\/v2\/posts\/243\/revisions"}],"predecessor-version":[{"id":8376,"href":"https:\/\/www.fi.uncoma.edu.ar\/index.php\/wp-json\/wp\/v2\/posts\/243\/revisions\/8376"}],"wp:attachment":[{"href":"https:\/\/www.fi.uncoma.edu.ar\/index.php\/wp-json\/wp\/v2\/media?parent=243"}],"wp:term":[{"taxonomy":"category","embeddable":true,"href":"https:\/\/www.fi.uncoma.edu.ar\/index.php\/wp-json\/wp\/v2\/categories?post=243"},{"taxonomy":"post_tag","embeddable":true,"href":"https:\/\/www.fi.uncoma.edu.ar\/index.php\/wp-json\/wp\/v2\/tags?post=243"}],"curies":[{"name":"wp","href":"https:\/\/api.w.org\/{rel}","templated":true}]}}