{"id":25013,"date":"2024-07-04T15:34:14","date_gmt":"2024-07-04T18:34:14","guid":{"rendered":"https:\/\/www.fi.uncoma.edu.ar\/?p=25013"},"modified":"2024-07-04T15:34:48","modified_gmt":"2024-07-04T18:34:48","slug":"taller-de-contenidos-digitales-en-la-biblioteca-popular-amigos-del-libro-fernandez-oro","status":"publish","type":"post","link":"https:\/\/www.fi.uncoma.edu.ar\/index.php\/novedades\/taller-de-contenidos-digitales-en-la-biblioteca-popular-amigos-del-libro-fernandez-oro\/","title":{"rendered":"Taller de contenidos digitales en la Biblioteca Popular \u00abAmigos del libro &#8211; Fernandez Oro\u00bb."},"content":{"rendered":"\t\t<div data-elementor-type=\"wp-post\" data-elementor-id=\"25013\" class=\"elementor elementor-25013\">\n\t\t\t\t\t\t\t\t\t<section class=\"elementor-section elementor-top-section elementor-element elementor-element-8b2e34f elementor-section-boxed elementor-section-height-default elementor-section-height-default\" data-id=\"8b2e34f\" data-element_type=\"section\">\n\t\t\t\t\t\t<div class=\"elementor-container elementor-column-gap-default\">\n\t\t\t\t\t<div class=\"elementor-column elementor-col-100 elementor-top-column elementor-element elementor-element-f1ea7d1\" data-id=\"f1ea7d1\" data-element_type=\"column\">\n\t\t\t<div class=\"elementor-widget-wrap elementor-element-populated\">\n\t\t\t\t\t\t\t\t<div class=\"elementor-element elementor-element-4cecda6 elementor-widget elementor-widget-text-editor\" data-id=\"4cecda6\" data-element_type=\"widget\" data-widget_type=\"text-editor.default\">\n\t\t\t\t<div class=\"elementor-widget-container\">\n\t\t\t<style>\/*! elementor - v3.6.7 - 03-07-2022 *\/\n.elementor-widget-text-editor.elementor-drop-cap-view-stacked .elementor-drop-cap{background-color:#818a91;color:#fff}.elementor-widget-text-editor.elementor-drop-cap-view-framed .elementor-drop-cap{color:#818a91;border:3px solid;background-color:transparent}.elementor-widget-text-editor:not(.elementor-drop-cap-view-default) .elementor-drop-cap{margin-top:8px}.elementor-widget-text-editor:not(.elementor-drop-cap-view-default) .elementor-drop-cap-letter{width:1em;height:1em}.elementor-widget-text-editor .elementor-drop-cap{float:left;text-align:center;line-height:1;font-size:50px}.elementor-widget-text-editor .elementor-drop-cap-letter{display:inline-block}<\/style>\t\t\t\t<p>El viernes 28 de junio, se llev\u00f3 a cabo la actividad \u00abFormatos Digitales para la Escritura\u00bb en la Biblioteca Popular Amigos del Libro de Fern\u00e1ndez Oro. Esta iniciativa forma parte del Proyecto de Extensi\u00f3n \u00abFaIComm: Charlando Sobre Inform\u00e1tica\u00bb, que cuenta con la participaci\u00f3n activa de la biblioteca.<\/p>\n<p>Durante el evento, se discutieron y mostraron diversos formatos digitales \u00fatiles para la creaci\u00f3n y lectura de contenidos variados, incluyendo textos, f\u00f3rmulas matem\u00e1ticas, tablas, im\u00e1genes, partituras, entre otros. El objetivo principal fue mostrar las capacidades de cada formato y ayudar a los asistentes a seleccionar el m\u00e1s adecuado para sus proyectos.<\/p>\n<p>Adem\u00e1s, se brind\u00f3 una introducci\u00f3n a conceptos clave como accesibilidad digital y web, firmas digitales, cifrado y software libre. La actividad foment\u00f3 un debate continuo sobre estos temas, con una amplia participaci\u00f3n de los asistentes.<\/p>\t\t\t\t\t\t<\/div>\n\t\t\t\t<\/div>\n\t\t\t\t\t<\/div>\n\t\t<\/div>\n\t\t\t\t\t\t\t<\/div>\n\t\t<\/section>\n\t\t\t\t<section class=\"elementor-section elementor-top-section elementor-element elementor-element-caff3f0 elementor-section-boxed elementor-section-height-default elementor-section-height-default\" data-id=\"caff3f0\" data-element_type=\"section\">\n\t\t\t\t\t\t<div class=\"elementor-container elementor-column-gap-default\">\n\t\t\t\t\t<div class=\"elementor-column elementor-col-100 elementor-top-column elementor-element elementor-element-a36d253\" data-id=\"a36d253\" data-element_type=\"column\">\n\t\t\t<div class=\"elementor-widget-wrap elementor-element-populated\">\n\t\t\t\t\t\t\t\t<div class=\"elementor-element elementor-element-57aefb9 elementor-widget elementor-widget-image\" data-id=\"57aefb9\" data-element_type=\"widget\" data-widget_type=\"image.default\">\n\t\t\t\t<div class=\"elementor-widget-container\">\n\t\t\t<style>\/*! elementor - v3.6.7 - 03-07-2022 *\/\n.elementor-widget-image{text-align:center}.elementor-widget-image a{display:inline-block}.elementor-widget-image a img[src$=\".svg\"]{width:48px}.elementor-widget-image img{vertical-align:middle;display:inline-block}<\/style>\t\t\t\t\t\t\t\t\t\t\t\t<img width=\"1024\" height=\"461\" src=\"https:\/\/www.fi.uncoma.edu.ar\/wp-content\/uploads\/2024\/07\/WhatsApp-Image-2024-07-01-at-1.34.25-PM-1024x461.jpeg\" class=\"attachment-large size-large\" alt=\"\" loading=\"lazy\" srcset=\"https:\/\/www.fi.uncoma.edu.ar\/wp-content\/uploads\/2024\/07\/WhatsApp-Image-2024-07-01-at-1.34.25-PM-1024x461.jpeg 1024w, https:\/\/www.fi.uncoma.edu.ar\/wp-content\/uploads\/2024\/07\/WhatsApp-Image-2024-07-01-at-1.34.25-PM-300x135.jpeg 300w, https:\/\/www.fi.uncoma.edu.ar\/wp-content\/uploads\/2024\/07\/WhatsApp-Image-2024-07-01-at-1.34.25-PM-768x346.jpeg 768w, https:\/\/www.fi.uncoma.edu.ar\/wp-content\/uploads\/2024\/07\/WhatsApp-Image-2024-07-01-at-1.34.25-PM.jpeg 1280w\" sizes=\"(max-width: 1024px) 100vw, 1024px\" \/>\t\t\t\t\t\t\t\t\t\t\t\t\t\t\t<\/div>\n\t\t\t\t<\/div>\n\t\t\t\t\t<\/div>\n\t\t<\/div>\n\t\t\t\t\t\t\t<\/div>\n\t\t<\/section>\n\t\t\t\t\t\t\t<\/div>\n\t\t","protected":false},"excerpt":{"rendered":"<p>Integrantes del Proyecto de Extensi\u00f3n \u00abFaIComm: Charlando sobre Inform\u00e1tica\u00bb realizaron un taller sobre contenidos digitales en la Biblioteca Popular \u00abAmigos del Libro\u00bb.<\/p>\n","protected":false},"author":3,"featured_media":25014,"comment_status":"closed","ping_status":"open","sticky":false,"template":"","format":"standard","meta":{"site-sidebar-layout":"default","site-content-layout":"default","ast-global-header-display":"","ast-main-header-display":"","ast-hfb-above-header-display":"","ast-hfb-below-header-display":"","ast-hfb-mobile-header-display":"","site-post-title":"","ast-breadcrumbs-content":"","ast-featured-img":"","footer-sml-layout":"","theme-transparent-header-meta":"","adv-header-id-meta":"","stick-header-meta":"","header-above-stick-meta":"","header-main-stick-meta":"","header-below-stick-meta":""},"categories":[3,98],"tags":[99],"uagb_featured_image_src":{"full":["https:\/\/www.fi.uncoma.edu.ar\/wp-content\/uploads\/2024\/07\/WhatsApp-Image-2024-07-01-at-1.34.25-PM.jpeg",1280,576,false],"thumbnail":["https:\/\/www.fi.uncoma.edu.ar\/wp-content\/uploads\/2024\/07\/WhatsApp-Image-2024-07-01-at-1.34.25-PM-150x150.jpeg",150,150,true],"medium":["https:\/\/www.fi.uncoma.edu.ar\/wp-content\/uploads\/2024\/07\/WhatsApp-Image-2024-07-01-at-1.34.25-PM-300x135.jpeg",300,135,true],"medium_large":["https:\/\/www.fi.uncoma.edu.ar\/wp-content\/uploads\/2024\/07\/WhatsApp-Image-2024-07-01-at-1.34.25-PM-768x346.jpeg",768,346,true],"large":["https:\/\/www.fi.uncoma.edu.ar\/wp-content\/uploads\/2024\/07\/WhatsApp-Image-2024-07-01-at-1.34.25-PM-1024x461.jpeg",1024,461,true],"1536x1536":["https:\/\/www.fi.uncoma.edu.ar\/wp-content\/uploads\/2024\/07\/WhatsApp-Image-2024-07-01-at-1.34.25-PM.jpeg",1280,576,false],"2048x2048":["https:\/\/www.fi.uncoma.edu.ar\/wp-content\/uploads\/2024\/07\/WhatsApp-Image-2024-07-01-at-1.34.25-PM.jpeg",1280,576,false]},"uagb_author_info":{"display_name":"Secretaria Extension","author_link":"https:\/\/www.fi.uncoma.edu.ar\/index.php\/author\/secretaria-extensionfi-uncoma-edu-ar\/"},"uagb_comment_info":0,"uagb_excerpt":"Integrantes del Proyecto de Extensi\u00f3n \"FaIComm: Charlando sobre Inform\u00e1tica\" realizaron un taller sobre contenidos digitales en la Biblioteca Popular \"Amigos del Libro\".","_links":{"self":[{"href":"https:\/\/www.fi.uncoma.edu.ar\/index.php\/wp-json\/wp\/v2\/posts\/25013"}],"collection":[{"href":"https:\/\/www.fi.uncoma.edu.ar\/index.php\/wp-json\/wp\/v2\/posts"}],"about":[{"href":"https:\/\/www.fi.uncoma.edu.ar\/index.php\/wp-json\/wp\/v2\/types\/post"}],"author":[{"embeddable":true,"href":"https:\/\/www.fi.uncoma.edu.ar\/index.php\/wp-json\/wp\/v2\/users\/3"}],"replies":[{"embeddable":true,"href":"https:\/\/www.fi.uncoma.edu.ar\/index.php\/wp-json\/wp\/v2\/comments?post=25013"}],"version-history":[{"count":4,"href":"https:\/\/www.fi.uncoma.edu.ar\/index.php\/wp-json\/wp\/v2\/posts\/25013\/revisions"}],"predecessor-version":[{"id":25018,"href":"https:\/\/www.fi.uncoma.edu.ar\/index.php\/wp-json\/wp\/v2\/posts\/25013\/revisions\/25018"}],"wp:featuredmedia":[{"embeddable":true,"href":"https:\/\/www.fi.uncoma.edu.ar\/index.php\/wp-json\/wp\/v2\/media\/25014"}],"wp:attachment":[{"href":"https:\/\/www.fi.uncoma.edu.ar\/index.php\/wp-json\/wp\/v2\/media?parent=25013"}],"wp:term":[{"taxonomy":"category","embeddable":true,"href":"https:\/\/www.fi.uncoma.edu.ar\/index.php\/wp-json\/wp\/v2\/categories?post=25013"},{"taxonomy":"post_tag","embeddable":true,"href":"https:\/\/www.fi.uncoma.edu.ar\/index.php\/wp-json\/wp\/v2\/tags?post=25013"}],"curies":[{"name":"wp","href":"https:\/\/api.w.org\/{rel}","templated":true}]}}