{"id":26449,"date":"2024-10-28T09:39:08","date_gmt":"2024-10-28T12:39:08","guid":{"rendered":"https:\/\/www.fi.uncoma.edu.ar\/?p=26449"},"modified":"2024-10-28T09:42:45","modified_gmt":"2024-10-28T12:42:45","slug":"invitacion-a-charla-de-la-dra-veronica-dahl-cuanta-inteligencia-humana-esconde-la-inteligencia-artificial-y-cuanta-coercion-esconde-la-lengua-natural-martes-2","status":"publish","type":"post","link":"https:\/\/www.fi.uncoma.edu.ar\/index.php\/uncategorized\/invitacion-a-charla-de-la-dra-veronica-dahl-cuanta-inteligencia-humana-esconde-la-inteligencia-artificial-y-cuanta-coercion-esconde-la-lengua-natural-martes-2\/","title":{"rendered":"Invitaci\u00f3n a charla de la Dra. Ver\u00f3nica Dahl: \u201c\u00bfCu\u00e1nta inteligencia humana esconde la inteligencia \u00abartificial\u00bb\u00a0y cu\u00e1nta coerci\u00f3n esconde la lengua \u00abnatural\u00bb?\u201d &#8211; Martes 29\/10"},"content":{"rendered":"\n<p>Nos complace invitarles a una nueva charla de la Dra. Ver\u00f3nica Dahl, titulada:&nbsp;<strong><em>\u201c\u00bfCu\u00e1nta inteligencia humana esconde la inteligencia \u00abartificial\u00bb&nbsp;y cu\u00e1nta coerci\u00f3n esconde la lengua \u00abnatural\u00bb?\u201d<\/em><\/strong>, que tendr\u00e1 lugar el pr\u00f3ximo&nbsp;<strong>martes 29 de octubre<\/strong>, a las&nbsp;<strong>18:00 horas<\/strong>, en la&nbsp;<strong>Facultad de Inform\u00e1tica de la Universidad Nacional del Comahue<\/strong>&nbsp;(Buenos Aires 1400, Neuqu\u00e9n).<\/p>\n\n\n\n<p>La Dra. Dahl es una referente internacional en la ense\u00f1anza de Prolog y una promotora de la ense\u00f1anza de la computaci\u00f3n con enfoque social, ambiental y de g\u00e9nero.&nbsp;<\/p>\n\n\n\n<p>El evento es presencial, de acceso libre y gratuito. Sin embargo, para una mejor organizaci\u00f3n, les pedimos que completen el siguiente formulario de inscripci\u00f3n:&nbsp;<a href=\"https:\/\/docs.google.com\/forms\/d\/e\/1FAIpQLSfu4O7erI52hCoG0e7_QnqafZpEF6yG6zkETJjiJ0Ggh2dwbg\/viewform?usp=sf_link\">https:\/\/docs.google.com\/forms\/d\/1AuD7y5sJloKOV7cxZ-D45HLJbpaNNwab-OSho8kpPbU\/viewform?edit_requested=true<\/a><\/p>\n\n\n\n<p>El evento tambi\u00e9n ser\u00e1 transmitido en vivo por el canal de YouTube de la Facultad:\u00a0<a href=\"https:\/\/www.youtube.com\/live\/C5m67z-6FvM\">https:\/\/www.youtube.com\/live\/C5m67z-6FvM<\/a><\/p>\n\n\n\n<p>Esperamos contar con su presencia.<\/p>\n","protected":false},"excerpt":{"rendered":"<p>Invitaci\u00f3n a charla de la Dra. Ver\u00f3nica Dahl, titulada: \u201c\u00bfCu\u00e1nta inteligencia humana esconde la inteligencia \u00abartificial\u00bb y cu\u00e1nta coerci\u00f3n esconde la lengua \u00abnatural\u00bb?\u201d. Martes 29 de octubre, a las 18:00 horas, en la Facultad de Inform\u00e1tica de la Universidad Nacional del Comahue.<\/p>\n","protected":false},"author":10,"featured_media":26443,"comment_status":"closed","ping_status":"open","sticky":false,"template":"","format":"standard","meta":{"site-sidebar-layout":"default","site-content-layout":"default","ast-global-header-display":"","ast-main-header-display":"","ast-hfb-above-header-display":"","ast-hfb-below-header-display":"","ast-hfb-mobile-header-display":"","site-post-title":"","ast-breadcrumbs-content":"","ast-featured-img":"","footer-sml-layout":"","theme-transparent-header-meta":"","adv-header-id-meta":"","stick-header-meta":"","header-above-stick-meta":"","header-main-stick-meta":"","header-below-stick-meta":""},"categories":[3,1],"tags":[],"uagb_featured_image_src":{"full":["https:\/\/www.fi.uncoma.edu.ar\/wp-content\/uploads\/2024\/10\/dahl.png",296,274,false],"thumbnail":["https:\/\/www.fi.uncoma.edu.ar\/wp-content\/uploads\/2024\/10\/dahl-150x150.png",150,150,true],"medium":["https:\/\/www.fi.uncoma.edu.ar\/wp-content\/uploads\/2024\/10\/dahl.png",296,274,false],"medium_large":["https:\/\/www.fi.uncoma.edu.ar\/wp-content\/uploads\/2024\/10\/dahl.png",296,274,false],"large":["https:\/\/www.fi.uncoma.edu.ar\/wp-content\/uploads\/2024\/10\/dahl.png",296,274,false],"1536x1536":["https:\/\/www.fi.uncoma.edu.ar\/wp-content\/uploads\/2024\/10\/dahl.png",296,274,false],"2048x2048":["https:\/\/www.fi.uncoma.edu.ar\/wp-content\/uploads\/2024\/10\/dahl.png",296,274,false]},"uagb_author_info":{"display_name":"Nahuel Mamani","author_link":"https:\/\/www.fi.uncoma.edu.ar\/index.php\/author\/nahuel-mamani\/"},"uagb_comment_info":0,"uagb_excerpt":"Invitaci\u00f3n a charla de la Dra. Ver\u00f3nica Dahl, titulada: \u201c\u00bfCu\u00e1nta inteligencia humana esconde la inteligencia \"artificial\" y cu\u00e1nta coerci\u00f3n esconde la lengua \"natural\"?\u201d. Martes 29 de octubre, a las 18:00 horas, en la Facultad de Inform\u00e1tica de la Universidad Nacional del Comahue.","_links":{"self":[{"href":"https:\/\/www.fi.uncoma.edu.ar\/index.php\/wp-json\/wp\/v2\/posts\/26449"}],"collection":[{"href":"https:\/\/www.fi.uncoma.edu.ar\/index.php\/wp-json\/wp\/v2\/posts"}],"about":[{"href":"https:\/\/www.fi.uncoma.edu.ar\/index.php\/wp-json\/wp\/v2\/types\/post"}],"author":[{"embeddable":true,"href":"https:\/\/www.fi.uncoma.edu.ar\/index.php\/wp-json\/wp\/v2\/users\/10"}],"replies":[{"embeddable":true,"href":"https:\/\/www.fi.uncoma.edu.ar\/index.php\/wp-json\/wp\/v2\/comments?post=26449"}],"version-history":[{"count":3,"href":"https:\/\/www.fi.uncoma.edu.ar\/index.php\/wp-json\/wp\/v2\/posts\/26449\/revisions"}],"predecessor-version":[{"id":26454,"href":"https:\/\/www.fi.uncoma.edu.ar\/index.php\/wp-json\/wp\/v2\/posts\/26449\/revisions\/26454"}],"wp:featuredmedia":[{"embeddable":true,"href":"https:\/\/www.fi.uncoma.edu.ar\/index.php\/wp-json\/wp\/v2\/media\/26443"}],"wp:attachment":[{"href":"https:\/\/www.fi.uncoma.edu.ar\/index.php\/wp-json\/wp\/v2\/media?parent=26449"}],"wp:term":[{"taxonomy":"category","embeddable":true,"href":"https:\/\/www.fi.uncoma.edu.ar\/index.php\/wp-json\/wp\/v2\/categories?post=26449"},{"taxonomy":"post_tag","embeddable":true,"href":"https:\/\/www.fi.uncoma.edu.ar\/index.php\/wp-json\/wp\/v2\/tags?post=26449"}],"curies":[{"name":"wp","href":"https:\/\/api.w.org\/{rel}","templated":true}]}}