{"id":282,"date":"2013-11-07T00:00:00","date_gmt":"2013-11-07T00:00:00","guid":{"rendered":"http:\/\/ijandev-test.fi.uncoma.edu.ar\/Wordpress\/index.php\/2013\/11\/07\/javier-carron-nuevo-licenciado-fai\/"},"modified":"2022-02-06T22:05:37","modified_gmt":"2022-02-07T01:05:37","slug":"javier-carron-nuevo-licenciado-fai","status":"publish","type":"post","link":"https:\/\/www.fi.uncoma.edu.ar\/index.php\/novedades\/javier-carron-nuevo-licenciado-fai\/","title":{"rendered":"Javier Carr\u00f3n: Nuevo Licenciado FaI"},"content":{"rendered":"<h3 style=\"text-align: center;\">Nuevo Licenciado FaI: Javier Carr\u00f3n<\/h3>\n<p style=\"text-align: justify;\"><span class=\"userContent\">La comunidad educativa de la FaI anuncia con sumo placer que el alumno Javier Carr\u00f3n present\u00f3 y aprob\u00f3 su Tesis de Grado titulada <a href=\"http:\/\/ijandev-test.fi.uncoma.edu.ar\/Wordpress\/index.php\/2013\/09\/23\/bolsa-de-trabajo-092013\/\">\u00abEvaluaci\u00f3n y Mejora del Grado de Usabilidad Web: Un Caso de Estudio en e-gobierno\u00bb<\/a>, obteniendo el t\u00edtulo de Licenciado en Ciencias de la Computaci\u00f3n. <\/span><\/p>\n<p><span class=\"userContent\"><em>\u00a1Felicitaciones Licenciado!<\/em><br \/><\/span><\/p>\n<p style=\"text-align: center;\"><em><br \/><\/em> <img class=\" size-full wp-image-281\" src=\"http:\/\/ijandev-test.fi.uncoma.edu.ar\/Wordpress\/wp-content\/uploads\/2013\/11\/tesis-carron.jpg\" border=\"0\" width=\"80%\" style=\"border: 0;\" \/><\/p>\n<p style=\"text-align: center;\">[<a href=\"http:\/\/ijandev-test.fi.uncoma.edu.ar\/Wordpress\/index.php\/2013\/06\/07\/torneo-argentino-de-programacion\/\" title=\"Ver otras tesis FaI\">Ver otras tesis FaI<\/a>]<\/p>\n","protected":false},"excerpt":{"rendered":"<p>Nuevo Licenciado FaI: Javier Carr\u00f3n La comunidad educativa de la FaI anuncia con sumo placer que el alumno Javier Carr\u00f3n present\u00f3 y aprob\u00f3 su Tesis de Grado titulada \u00abEvaluaci\u00f3n y Mejora del Grado de Usabilidad Web: Un Caso de Estudio en e-gobierno\u00bb, obteniendo el t\u00edtulo de Licenciado en Ciencias de la Computaci\u00f3n. \u00a1Felicitaciones Licenciado! [Ver &hellip;<\/p>\n<p class=\"read-more\"> <a class=\"\" href=\"https:\/\/www.fi.uncoma.edu.ar\/index.php\/novedades\/javier-carron-nuevo-licenciado-fai\/\"> <span class=\"screen-reader-text\">Javier Carr\u00f3n: Nuevo Licenciado FaI<\/span> Leer m\u00e1s &raquo;<\/a><\/p>\n","protected":false},"author":1,"featured_media":281,"comment_status":"closed","ping_status":"open","sticky":false,"template":"","format":"standard","meta":{"site-sidebar-layout":"default","site-content-layout":"default","ast-global-header-display":"","ast-main-header-display":"","ast-hfb-above-header-display":"","ast-hfb-below-header-display":"","ast-hfb-mobile-header-display":"","site-post-title":"","ast-breadcrumbs-content":"","ast-featured-img":"","footer-sml-layout":"","theme-transparent-header-meta":"","adv-header-id-meta":"","stick-header-meta":"","header-above-stick-meta":"","header-main-stick-meta":"","header-below-stick-meta":""},"categories":[3],"tags":[],"uagb_featured_image_src":{"full":["https:\/\/www.fi.uncoma.edu.ar\/wp-content\/uploads\/2013\/11\/tesis-carron.jpg",600,379,false],"thumbnail":["https:\/\/www.fi.uncoma.edu.ar\/wp-content\/uploads\/2013\/11\/tesis-carron.jpg",150,95,false],"medium":["https:\/\/www.fi.uncoma.edu.ar\/wp-content\/uploads\/2013\/11\/tesis-carron.jpg",300,190,false],"medium_large":["https:\/\/www.fi.uncoma.edu.ar\/wp-content\/uploads\/2013\/11\/tesis-carron.jpg",600,379,false],"large":["https:\/\/www.fi.uncoma.edu.ar\/wp-content\/uploads\/2013\/11\/tesis-carron.jpg",600,379,false],"1536x1536":["https:\/\/www.fi.uncoma.edu.ar\/wp-content\/uploads\/2013\/11\/tesis-carron.jpg",600,379,false],"2048x2048":["https:\/\/www.fi.uncoma.edu.ar\/wp-content\/uploads\/2013\/11\/tesis-carron.jpg",600,379,false]},"uagb_author_info":{"display_name":"ufai","author_link":"https:\/\/www.fi.uncoma.edu.ar\/index.php\/author\/ufai\/"},"uagb_comment_info":0,"uagb_excerpt":"Nuevo Licenciado FaI: Javier Carr\u00f3n La comunidad educativa de la FaI anuncia con sumo placer que el alumno Javier Carr\u00f3n present\u00f3 y aprob\u00f3 su Tesis de Grado titulada \u00abEvaluaci\u00f3n y Mejora del Grado de Usabilidad Web: Un Caso de Estudio en e-gobierno\u00bb, obteniendo el t\u00edtulo de Licenciado en Ciencias de la Computaci\u00f3n. \u00a1Felicitaciones Licenciado! [Ver&hellip;","_links":{"self":[{"href":"https:\/\/www.fi.uncoma.edu.ar\/index.php\/wp-json\/wp\/v2\/posts\/282"}],"collection":[{"href":"https:\/\/www.fi.uncoma.edu.ar\/index.php\/wp-json\/wp\/v2\/posts"}],"about":[{"href":"https:\/\/www.fi.uncoma.edu.ar\/index.php\/wp-json\/wp\/v2\/types\/post"}],"author":[{"embeddable":true,"href":"https:\/\/www.fi.uncoma.edu.ar\/index.php\/wp-json\/wp\/v2\/users\/1"}],"replies":[{"embeddable":true,"href":"https:\/\/www.fi.uncoma.edu.ar\/index.php\/wp-json\/wp\/v2\/comments?post=282"}],"version-history":[{"count":1,"href":"https:\/\/www.fi.uncoma.edu.ar\/index.php\/wp-json\/wp\/v2\/posts\/282\/revisions"}],"predecessor-version":[{"id":1914,"href":"https:\/\/www.fi.uncoma.edu.ar\/index.php\/wp-json\/wp\/v2\/posts\/282\/revisions\/1914"}],"wp:featuredmedia":[{"embeddable":true,"href":"https:\/\/www.fi.uncoma.edu.ar\/index.php\/wp-json\/wp\/v2\/media\/281"}],"wp:attachment":[{"href":"https:\/\/www.fi.uncoma.edu.ar\/index.php\/wp-json\/wp\/v2\/media?parent=282"}],"wp:term":[{"taxonomy":"category","embeddable":true,"href":"https:\/\/www.fi.uncoma.edu.ar\/index.php\/wp-json\/wp\/v2\/categories?post=282"},{"taxonomy":"post_tag","embeddable":true,"href":"https:\/\/www.fi.uncoma.edu.ar\/index.php\/wp-json\/wp\/v2\/tags?post=282"}],"curies":[{"name":"wp","href":"https:\/\/api.w.org\/{rel}","templated":true}]}}