{"id":28478,"date":"2025-06-24T11:27:03","date_gmt":"2025-06-24T14:27:03","guid":{"rendered":"https:\/\/www.fi.uncoma.edu.ar\/?p=28478"},"modified":"2025-06-24T11:37:41","modified_gmt":"2025-06-24T14:37:41","slug":"un-nuevo-comienzo-para-la-mg-lidia-lopez","status":"publish","type":"post","link":"https:\/\/www.fi.uncoma.edu.ar\/index.php\/novedades\/un-nuevo-comienzo-para-la-mg-lidia-lopez\/","title":{"rendered":"Un nuevo comienzo para la Mg. Lidia L\u00f3pez"},"content":{"rendered":"\t\t<div data-elementor-type=\"wp-post\" data-elementor-id=\"28478\" class=\"elementor elementor-28478\">\n\t\t\t\t\t\t\t\t\t<section class=\"elementor-section elementor-top-section elementor-element elementor-element-83fba10 elementor-section-boxed elementor-section-height-default elementor-section-height-default\" data-id=\"83fba10\" data-element_type=\"section\">\n\t\t\t\t\t\t<div class=\"elementor-container elementor-column-gap-default\">\n\t\t\t\t\t<div class=\"elementor-column elementor-col-100 elementor-top-column elementor-element elementor-element-a7c4e85\" data-id=\"a7c4e85\" data-element_type=\"column\">\n\t\t\t<div class=\"elementor-widget-wrap elementor-element-populated\">\n\t\t\t\t\t\t\t\t<div class=\"elementor-element elementor-element-e0602a0 elementor-widget elementor-widget-text-editor\" data-id=\"e0602a0\" data-element_type=\"widget\" data-widget_type=\"text-editor.default\">\n\t\t\t\t<div class=\"elementor-widget-container\">\n\t\t\t<style>\/*! elementor - v3.6.7 - 03-07-2022 *\/\n.elementor-widget-text-editor.elementor-drop-cap-view-stacked .elementor-drop-cap{background-color:#818a91;color:#fff}.elementor-widget-text-editor.elementor-drop-cap-view-framed .elementor-drop-cap{color:#818a91;border:3px solid;background-color:transparent}.elementor-widget-text-editor:not(.elementor-drop-cap-view-default) .elementor-drop-cap{margin-top:8px}.elementor-widget-text-editor:not(.elementor-drop-cap-view-default) .elementor-drop-cap-letter{width:1em;height:1em}.elementor-widget-text-editor .elementor-drop-cap{float:left;text-align:center;line-height:1;font-size:50px}.elementor-widget-text-editor .elementor-drop-cap-letter{display:inline-block}<\/style>\t\t\t\t<p><span style=\"font-weight: 400;\">El d\u00eda 24 de junio de 2025, en la cuarta sesi\u00f3n anual del Consejo Directivo, fue aceptada la renuncia de la Mg. Lidia L\u00f3pez a su cargo de Profesora Asociada de la Facultad de Inform\u00e1tica, dado que lleg\u00f3 el momento de su jubilaci\u00f3n.<\/span><\/p><p>La Mg Lidia Lopez ha tenido un rol muy importante en la creaci\u00f3n de la Facultad de Inform\u00e1tica, y\u00a0<span style=\"font-style: inherit; font-weight: inherit; color: unset;\">en particular en el desarrollo del Departamento de Programaci\u00f3n, al cual ha pertenecido hasta su\u00a0<\/span><span style=\"font-style: inherit; font-weight: inherit; color: unset;\">renuncia, participando en el dise\u00f1o de los planes de carreras de grado y como investigadora.<\/span><\/p><p>Adem\u00e1s, ha desempe\u00f1ado un rol muy importante en la gesti\u00f3n universitaria, siendo Consejera Superior,\u00a0<span style=\"font-style: inherit; font-weight: inherit; color: unset;\">Secretar\u00eda Acad\u00e9mica de la Facultad de Econom\u00eda y Administraci\u00f3n (cuando a\u00fan no \u00e9ramos\u00a0<\/span><span style=\"font-style: inherit; font-weight: inherit; color: unset;\">Facultad), Consejera Directiva, Subsecretar\u00eda de Tecnolog\u00edas de la Informaci\u00f3n de la\u00a0<\/span><span style=\"font-style: inherit; font-weight: inherit; color: unset;\">Universidad, y Secretaria Acad\u00e9mica de la Universidad, siempre apoyando y acompa\u00f1ando el\u00a0<\/span><span style=\"font-style: inherit; font-weight: inherit; color: unset;\">crecimiento de la Facultad, favoreciendo la formaci\u00f3n de recursos humanos, especialmente\u00a0<\/span><span style=\"font-style: inherit; font-weight: inherit; color: unset;\">orient\u00e1ndose a la algoritmia y a la visualizaci\u00f3n de datos, y siempre defendiendo a la educaci\u00f3n\u00a0<\/span><span style=\"font-style: inherit; font-weight: inherit; color: unset;\">p\u00fablica.<\/span><\/p><p>A lo largo de su carrera, Lidia ha contribuido significativamente al crecimiento\u00a0<span style=\"font-style: inherit; font-weight: inherit; color: unset;\">acad\u00e9mico y cient\u00edfico de nuestra universidad, dejando una huella imborrable tanto en el cuerpo\u00a0<\/span><span style=\"font-style: inherit; font-weight: inherit; color: unset;\">docente como en los estudiantes y en la comunidad acad\u00e9mica en general.<\/span><\/p><p>Queremos expresar nuestro m\u00e1s sincero agradecimiento por su entrega, profesionalismo y calidad\u00a0<span style=\"font-style: inherit; font-weight: inherit; color: unset;\">humana, dese\u00e1ndole lo mejor en esta nueva etapa de su vida, y remarcar que las puertas de la FAI<\/span><span style=\"font-style: inherit; font-weight: inherit; color: unset;\">\u00a0siempre estar\u00e1n abiertas en cuanto desee colaborar a futuro<\/span><span style=\"font-style: inherit; font-weight: inherit; color: unset;\">.<\/span><\/p><p><span style=\"font-style: inherit; color: unset;\">\u00a1Sus compa\u00f1er@s le deseamos todo lo mejor en este comienzo de una nueva etapa!<\/span><\/p>\t\t\t\t\t\t<\/div>\n\t\t\t\t<\/div>\n\t\t\t\t\t<\/div>\n\t\t<\/div>\n\t\t\t\t\t\t\t<\/div>\n\t\t<\/section>\n\t\t\t\t<section class=\"elementor-section elementor-top-section elementor-element elementor-element-f4e29f0 elementor-section-boxed elementor-section-height-default elementor-section-height-default\" data-id=\"f4e29f0\" data-element_type=\"section\">\n\t\t\t\t\t\t<div class=\"elementor-container elementor-column-gap-default\">\n\t\t\t\t\t<div class=\"elementor-column elementor-col-100 elementor-top-column elementor-element elementor-element-82a5165\" data-id=\"82a5165\" data-element_type=\"column\">\n\t\t\t<div class=\"elementor-widget-wrap elementor-element-populated\">\n\t\t\t\t\t\t\t\t<div class=\"elementor-element elementor-element-ed90673 elementor-widget elementor-widget-image\" data-id=\"ed90673\" data-element_type=\"widget\" data-widget_type=\"image.default\">\n\t\t\t\t<div class=\"elementor-widget-container\">\n\t\t\t<style>\/*! elementor - v3.6.7 - 03-07-2022 *\/\n.elementor-widget-image{text-align:center}.elementor-widget-image a{display:inline-block}.elementor-widget-image a img[src$=\".svg\"]{width:48px}.elementor-widget-image img{vertical-align:middle;display:inline-block}<\/style>\t\t\t\t\t\t\t\t\t\t\t\t<img width=\"1024\" height=\"441\" src=\"https:\/\/www.fi.uncoma.edu.ar\/wp-content\/uploads\/2025\/06\/jubilacion-lidia-lopez-1-1024x441.jpg\" class=\"attachment-large size-large\" alt=\"\" loading=\"lazy\" srcset=\"https:\/\/www.fi.uncoma.edu.ar\/wp-content\/uploads\/2025\/06\/jubilacion-lidia-lopez-1-1024x441.jpg 1024w, https:\/\/www.fi.uncoma.edu.ar\/wp-content\/uploads\/2025\/06\/jubilacion-lidia-lopez-1-300x129.jpg 300w, https:\/\/www.fi.uncoma.edu.ar\/wp-content\/uploads\/2025\/06\/jubilacion-lidia-lopez-1-768x331.jpg 768w, https:\/\/www.fi.uncoma.edu.ar\/wp-content\/uploads\/2025\/06\/jubilacion-lidia-lopez-1.jpg 1494w\" sizes=\"(max-width: 1024px) 100vw, 1024px\" \/>\t\t\t\t\t\t\t\t\t\t\t\t\t\t\t<\/div>\n\t\t\t\t<\/div>\n\t\t\t\t\t<\/div>\n\t\t<\/div>\n\t\t\t\t\t\t\t<\/div>\n\t\t<\/section>\n\t\t\t\t\t\t\t<\/div>\n\t\t","protected":false},"excerpt":{"rendered":"<p>El d\u00eda 24 de junio de 2025, en la cuarta sesi\u00f3n anual del Consejo Directivo, fue aceptada la renuncia de la docente Mg. Lidia L\u00f3pez a su cargo de profesora asociada de la Facultad de Inform\u00e1tica, dado que lleg\u00f3 el momento de su jubilaci\u00f3n.<\/p>\n<p>\u00a1Muchas felicidades, Lidia!<\/p>\n","protected":false},"author":4,"featured_media":28484,"comment_status":"closed","ping_status":"open","sticky":false,"template":"","format":"standard","meta":{"site-sidebar-layout":"default","site-content-layout":"default","ast-global-header-display":"","ast-main-header-display":"","ast-hfb-above-header-display":"","ast-hfb-below-header-display":"","ast-hfb-mobile-header-display":"","site-post-title":"","ast-breadcrumbs-content":"","ast-featured-img":"","footer-sml-layout":"","theme-transparent-header-meta":"","adv-header-id-meta":"","stick-header-meta":"","header-above-stick-meta":"","header-main-stick-meta":"","header-below-stick-meta":""},"categories":[3],"tags":[],"uagb_featured_image_src":{"full":["https:\/\/www.fi.uncoma.edu.ar\/wp-content\/uploads\/2025\/06\/jubilacion-lidia-lopez-1.jpg",1494,644,false],"thumbnail":["https:\/\/www.fi.uncoma.edu.ar\/wp-content\/uploads\/2025\/06\/jubilacion-lidia-lopez-1-150x150.jpg",150,150,true],"medium":["https:\/\/www.fi.uncoma.edu.ar\/wp-content\/uploads\/2025\/06\/jubilacion-lidia-lopez-1-300x129.jpg",300,129,true],"medium_large":["https:\/\/www.fi.uncoma.edu.ar\/wp-content\/uploads\/2025\/06\/jubilacion-lidia-lopez-1-768x331.jpg",768,331,true],"large":["https:\/\/www.fi.uncoma.edu.ar\/wp-content\/uploads\/2025\/06\/jubilacion-lidia-lopez-1-1024x441.jpg",1024,441,true],"1536x1536":["https:\/\/www.fi.uncoma.edu.ar\/wp-content\/uploads\/2025\/06\/jubilacion-lidia-lopez-1.jpg",1494,644,false],"2048x2048":["https:\/\/www.fi.uncoma.edu.ar\/wp-content\/uploads\/2025\/06\/jubilacion-lidia-lopez-1.jpg",1494,644,false]},"uagb_author_info":{"display_name":"editor Fai","author_link":"https:\/\/www.fi.uncoma.edu.ar\/index.php\/author\/editorfai\/"},"uagb_comment_info":0,"uagb_excerpt":"El d\u00eda 24 de junio de 2025, en la cuarta sesi\u00f3n anual del Consejo Directivo, fue aceptada la renuncia de la docente Mg. Lidia L\u00f3pez a su cargo de profesora asociada de la Facultad de Inform\u00e1tica, dado que lleg\u00f3 el momento de su jubilaci\u00f3n. \u00a1Muchas felicidades, Lidia!","_links":{"self":[{"href":"https:\/\/www.fi.uncoma.edu.ar\/index.php\/wp-json\/wp\/v2\/posts\/28478"}],"collection":[{"href":"https:\/\/www.fi.uncoma.edu.ar\/index.php\/wp-json\/wp\/v2\/posts"}],"about":[{"href":"https:\/\/www.fi.uncoma.edu.ar\/index.php\/wp-json\/wp\/v2\/types\/post"}],"author":[{"embeddable":true,"href":"https:\/\/www.fi.uncoma.edu.ar\/index.php\/wp-json\/wp\/v2\/users\/4"}],"replies":[{"embeddable":true,"href":"https:\/\/www.fi.uncoma.edu.ar\/index.php\/wp-json\/wp\/v2\/comments?post=28478"}],"version-history":[{"count":12,"href":"https:\/\/www.fi.uncoma.edu.ar\/index.php\/wp-json\/wp\/v2\/posts\/28478\/revisions"}],"predecessor-version":[{"id":28492,"href":"https:\/\/www.fi.uncoma.edu.ar\/index.php\/wp-json\/wp\/v2\/posts\/28478\/revisions\/28492"}],"wp:featuredmedia":[{"embeddable":true,"href":"https:\/\/www.fi.uncoma.edu.ar\/index.php\/wp-json\/wp\/v2\/media\/28484"}],"wp:attachment":[{"href":"https:\/\/www.fi.uncoma.edu.ar\/index.php\/wp-json\/wp\/v2\/media?parent=28478"}],"wp:term":[{"taxonomy":"category","embeddable":true,"href":"https:\/\/www.fi.uncoma.edu.ar\/index.php\/wp-json\/wp\/v2\/categories?post=28478"},{"taxonomy":"post_tag","embeddable":true,"href":"https:\/\/www.fi.uncoma.edu.ar\/index.php\/wp-json\/wp\/v2\/tags?post=28478"}],"curies":[{"name":"wp","href":"https:\/\/api.w.org\/{rel}","templated":true}]}}