{"id":29741,"date":"2025-11-27T18:30:33","date_gmt":"2025-11-27T21:30:33","guid":{"rendered":"https:\/\/www.fi.uncoma.edu.ar\/?p=29741"},"modified":"2025-11-27T20:21:41","modified_gmt":"2025-11-27T23:21:41","slug":"visita-guiada-y-jornada-de-robotica-con-la-escuela-primaria-no-20-y-la-escuela-primaria-no-207","status":"publish","type":"post","link":"https:\/\/www.fi.uncoma.edu.ar\/index.php\/novedades\/visita-guiada-y-jornada-de-robotica-con-la-escuela-primaria-no-20-y-la-escuela-primaria-no-207\/","title":{"rendered":"Visita guiada y jornada de rob\u00f3tica con la Escuela Primaria N\u00ba 20 y la Escuela Primaria N\u00ba 207"},"content":{"rendered":"\t\t<div data-elementor-type=\"wp-post\" data-elementor-id=\"29741\" class=\"elementor elementor-29741\">\n\t\t\t\t\t\t\t\t\t<section class=\"elementor-section elementor-top-section elementor-element elementor-element-00e6514 elementor-section-boxed elementor-section-height-default elementor-section-height-default\" data-id=\"00e6514\" data-element_type=\"section\">\n\t\t\t\t\t\t<div class=\"elementor-container elementor-column-gap-default\">\n\t\t\t\t\t<div class=\"elementor-column elementor-col-100 elementor-top-column elementor-element elementor-element-8238d0f\" data-id=\"8238d0f\" data-element_type=\"column\">\n\t\t\t<div class=\"elementor-widget-wrap elementor-element-populated\">\n\t\t\t\t\t\t\t\t<div class=\"elementor-element elementor-element-2ed8d15 elementor-widget elementor-widget-text-editor\" data-id=\"2ed8d15\" data-element_type=\"widget\" data-widget_type=\"text-editor.default\">\n\t\t\t\t<div class=\"elementor-widget-container\">\n\t\t\t<style>\/*! elementor - v3.6.7 - 03-07-2022 *\/\n.elementor-widget-text-editor.elementor-drop-cap-view-stacked .elementor-drop-cap{background-color:#818a91;color:#fff}.elementor-widget-text-editor.elementor-drop-cap-view-framed .elementor-drop-cap{color:#818a91;border:3px solid;background-color:transparent}.elementor-widget-text-editor:not(.elementor-drop-cap-view-default) .elementor-drop-cap{margin-top:8px}.elementor-widget-text-editor:not(.elementor-drop-cap-view-default) .elementor-drop-cap-letter{width:1em;height:1em}.elementor-widget-text-editor .elementor-drop-cap{float:left;text-align:center;line-height:1;font-size:50px}.elementor-widget-text-editor .elementor-drop-cap-letter{display:inline-block}<\/style>\t\t\t\t<p><span style=\"font-weight: 400;\">Los&nbsp; jueves 20 y 27 de noviembre de 2025 recibimos con gran alegr\u00eda a estudiantes del \u00faltimo ciclo de la Escuela Primaria N\u00ba 20 y de la Escuela Primaria N\u00ba 207 de Neuqu\u00e9n, quienes junto a sus docentes participaron de una jornada educativa en la Universidad Nacional del Comahue.<\/span><\/p>\n<p><span style=\"font-weight: 400;\">La actividad se desarroll\u00f3 en el marco del Proyecto Ada Lovelace para la educaci\u00f3n en STEM, la curricularizaci\u00f3n de la extensi\u00f3n \u201c<\/span><i><span style=\"font-weight: 400;\">Lenguajes Declarativos al alcance de las infancias\u201d <\/span><\/i><span style=\"font-weight: 400;\">&nbsp;y el grupo de investigaci\u00f3n GILIA.<\/span><\/p>\n<p><span style=\"font-weight: 400;\">Durante la visita, las y los estudiantes realizaron un recorrido guiado por diferentes espacios de la universidad, conociendo facultades como Ingenier\u00eda, Econom\u00eda y Humanidades, explorando su din\u00e1mica diaria, sus laboratorios, aulas y proyectos. Esta instancia permiti\u00f3 acercar a las infancias al mundo universitario, despertar curiosidades vocacionales y habilitar conversaciones sobre futuros posibles. Agradecemos tambi\u00e9n la colaboraci\u00f3n del profesor Jorge Rodr\u00edguez y de Franco Fabris, cuyo acompa\u00f1amiento enriqueci\u00f3 la experiencia.<\/span><\/p>\n<p><span style=\"font-weight: 400;\">Luego, el grupo particip\u00f3 de un taller de rob\u00f3tica, donde programaron robots para seguir un circuito, esquivar obst\u00e1culos y tomar una fotograf\u00eda, replicando desaf\u00edos abordados en jornadas previas del proyecto. Con entusiasmo y trabajo colaborativo, las infancias pusieron en juego habilidades de programaci\u00f3n, pensamiento l\u00f3gico, resoluci\u00f3n de problemas y creatividad, consolidando un aprendizaje activo y significativo.<\/span><\/p>\n<p><span style=\"font-weight: 400;\">Estas acciones forman parte de las iniciativas de extensi\u00f3n y curricularizaci\u00f3n de la Facultad de Inform\u00e1tica, coordinadas por la docente Sandra Roger, cuyo prop\u00f3sito es promover experiencias educativas l\u00fadicas, inclusivas y con perspectiva de g\u00e9nero, acercando la ciencia y la tecnolog\u00eda a la escuela primaria.<\/span><\/p>\n<p><span style=\"font-weight: 400;\">Agradecemos profundamente a docentes y directivos de ambas escuelas por su compromiso; y a quienes acompa\u00f1aron la jornada desde la Facultad, Emma Dolz, Tiago Zingoni y Facundo Ferrari, cuyo trabajo fue fundamental para el \u00e9xito de esta experiencia.<\/span><\/p>\n<p><span style=\"font-weight: 400;\">Y, especialmente, agradecemos a las infancias participantes, por su entusiasmo y por ser parte de esta propuesta.<\/span><\/p>\t\t\t\t\t\t<\/div>\n\t\t\t\t<\/div>\n\t\t\t\t\t<\/div>\n\t\t<\/div>\n\t\t\t\t\t\t\t<\/div>\n\t\t<\/section>\n\t\t\t\t<section class=\"elementor-section elementor-top-section elementor-element elementor-element-dee631c elementor-section-boxed elementor-section-height-default elementor-section-height-default\" data-id=\"dee631c\" data-element_type=\"section\">\n\t\t\t\t\t\t<div class=\"elementor-container elementor-column-gap-default\">\n\t\t\t\t\t<div class=\"elementor-column elementor-col-100 elementor-top-column elementor-element elementor-element-ad859bb\" data-id=\"ad859bb\" data-element_type=\"column\">\n\t\t\t<div class=\"elementor-widget-wrap elementor-element-populated\">\n\t\t\t\t\t\t\t\t<div class=\"elementor-element elementor-element-fa0dfe0 elementor-widget elementor-widget-image\" data-id=\"fa0dfe0\" data-element_type=\"widget\" data-widget_type=\"image.default\">\n\t\t\t\t<div class=\"elementor-widget-container\">\n\t\t\t<style>\/*! elementor - v3.6.7 - 03-07-2022 *\/\n.elementor-widget-image{text-align:center}.elementor-widget-image a{display:inline-block}.elementor-widget-image a img[src$=\".svg\"]{width:48px}.elementor-widget-image img{vertical-align:middle;display:inline-block}<\/style>\t\t\t\t\t\t\t\t\t\t\t\t<img width=\"768\" height=\"1153\" src=\"https:\/\/www.fi.uncoma.edu.ar\/wp-content\/uploads\/2025\/11\/WhatsApp-Image-2025-11-27-at-3.05.39-PM-1-768x1153.jpeg\" class=\"attachment-medium_large size-medium_large\" alt=\"\" loading=\"lazy\" srcset=\"https:\/\/www.fi.uncoma.edu.ar\/wp-content\/uploads\/2025\/11\/WhatsApp-Image-2025-11-27-at-3.05.39-PM-1-768x1153.jpeg 768w, https:\/\/www.fi.uncoma.edu.ar\/wp-content\/uploads\/2025\/11\/WhatsApp-Image-2025-11-27-at-3.05.39-PM-1-200x300.jpeg 200w, https:\/\/www.fi.uncoma.edu.ar\/wp-content\/uploads\/2025\/11\/WhatsApp-Image-2025-11-27-at-3.05.39-PM-1-682x1024.jpeg 682w, https:\/\/www.fi.uncoma.edu.ar\/wp-content\/uploads\/2025\/11\/WhatsApp-Image-2025-11-27-at-3.05.39-PM-1-1023x1536.jpeg 1023w, https:\/\/www.fi.uncoma.edu.ar\/wp-content\/uploads\/2025\/11\/WhatsApp-Image-2025-11-27-at-3.05.39-PM-1.jpeg 1066w\" sizes=\"(max-width: 768px) 100vw, 768px\" \/>\t\t\t\t\t\t\t\t\t\t\t\t\t\t\t<\/div>\n\t\t\t\t<\/div>\n\t\t\t\t\t<\/div>\n\t\t<\/div>\n\t\t\t\t\t\t\t<\/div>\n\t\t<\/section>\n\t\t\t\t<section class=\"elementor-section elementor-top-section elementor-element elementor-element-1d48238 elementor-section-boxed elementor-section-height-default elementor-section-height-default\" data-id=\"1d48238\" data-element_type=\"section\">\n\t\t\t\t\t\t<div class=\"elementor-container elementor-column-gap-default\">\n\t\t\t\t\t<div class=\"elementor-column elementor-col-100 elementor-top-column elementor-element elementor-element-7607d7d\" data-id=\"7607d7d\" data-element_type=\"column\">\n\t\t\t<div class=\"elementor-widget-wrap elementor-element-populated\">\n\t\t\t\t\t\t\t\t<div class=\"elementor-element elementor-element-e2bec14 elementor-widget elementor-widget-image\" data-id=\"e2bec14\" data-element_type=\"widget\" data-widget_type=\"image.default\">\n\t\t\t\t<div class=\"elementor-widget-container\">\n\t\t\t\t\t\t\t\t\t\t\t\t\t\t\t<img width=\"768\" height=\"1153\" src=\"https:\/\/www.fi.uncoma.edu.ar\/wp-content\/uploads\/2025\/11\/WhatsApp-Image-2025-11-27-at-3.05.39-PM-768x1153.jpeg\" class=\"attachment-medium_large size-medium_large\" alt=\"\" loading=\"lazy\" srcset=\"https:\/\/www.fi.uncoma.edu.ar\/wp-content\/uploads\/2025\/11\/WhatsApp-Image-2025-11-27-at-3.05.39-PM-768x1153.jpeg 768w, https:\/\/www.fi.uncoma.edu.ar\/wp-content\/uploads\/2025\/11\/WhatsApp-Image-2025-11-27-at-3.05.39-PM-200x300.jpeg 200w, https:\/\/www.fi.uncoma.edu.ar\/wp-content\/uploads\/2025\/11\/WhatsApp-Image-2025-11-27-at-3.05.39-PM-682x1024.jpeg 682w, https:\/\/www.fi.uncoma.edu.ar\/wp-content\/uploads\/2025\/11\/WhatsApp-Image-2025-11-27-at-3.05.39-PM-1023x1536.jpeg 1023w, https:\/\/www.fi.uncoma.edu.ar\/wp-content\/uploads\/2025\/11\/WhatsApp-Image-2025-11-27-at-3.05.39-PM.jpeg 1066w\" sizes=\"(max-width: 768px) 100vw, 768px\" \/>\t\t\t\t\t\t\t\t\t\t\t\t\t\t\t<\/div>\n\t\t\t\t<\/div>\n\t\t\t\t\t<\/div>\n\t\t<\/div>\n\t\t\t\t\t\t\t<\/div>\n\t\t<\/section>\n\t\t\t\t\t\t\t<\/div>\n\t\t","protected":false},"excerpt":{"rendered":"<p>Ni\u00f1as y ni\u00f1os de las Escuelas Primarias N\u00ba 20 y 207 vivieron una experiencia educativa en la UNCo que combin\u00f3 recorridos por facultades y desaf\u00edos de programaci\u00f3n y rob\u00f3tica.<\/p>\n","protected":false},"author":3,"featured_media":29742,"comment_status":"closed","ping_status":"open","sticky":false,"template":"","format":"standard","meta":{"site-sidebar-layout":"default","site-content-layout":"default","ast-global-header-display":"","ast-main-header-display":"","ast-hfb-above-header-display":"","ast-hfb-below-header-display":"","ast-hfb-mobile-header-display":"","site-post-title":"","ast-breadcrumbs-content":"","ast-featured-img":"","footer-sml-layout":"","theme-transparent-header-meta":"","adv-header-id-meta":"","stick-header-meta":"","header-above-stick-meta":"","header-main-stick-meta":"","header-below-stick-meta":""},"categories":[3,98],"tags":[99],"uagb_featured_image_src":{"full":["https:\/\/www.fi.uncoma.edu.ar\/wp-content\/uploads\/2025\/11\/WhatsApp-Image-2025-11-27-at-3.05.39-PM-1.jpeg",1066,1600,false],"thumbnail":["https:\/\/www.fi.uncoma.edu.ar\/wp-content\/uploads\/2025\/11\/WhatsApp-Image-2025-11-27-at-3.05.39-PM-1-150x150.jpeg",150,150,true],"medium":["https:\/\/www.fi.uncoma.edu.ar\/wp-content\/uploads\/2025\/11\/WhatsApp-Image-2025-11-27-at-3.05.39-PM-1-200x300.jpeg",200,300,true],"medium_large":["https:\/\/www.fi.uncoma.edu.ar\/wp-content\/uploads\/2025\/11\/WhatsApp-Image-2025-11-27-at-3.05.39-PM-1-768x1153.jpeg",768,1153,true],"large":["https:\/\/www.fi.uncoma.edu.ar\/wp-content\/uploads\/2025\/11\/WhatsApp-Image-2025-11-27-at-3.05.39-PM-1-682x1024.jpeg",682,1024,true],"1536x1536":["https:\/\/www.fi.uncoma.edu.ar\/wp-content\/uploads\/2025\/11\/WhatsApp-Image-2025-11-27-at-3.05.39-PM-1-1023x1536.jpeg",1023,1536,true],"2048x2048":["https:\/\/www.fi.uncoma.edu.ar\/wp-content\/uploads\/2025\/11\/WhatsApp-Image-2025-11-27-at-3.05.39-PM-1.jpeg",1066,1600,false]},"uagb_author_info":{"display_name":"Secretaria Extension","author_link":"https:\/\/www.fi.uncoma.edu.ar\/index.php\/author\/secretaria-extensionfi-uncoma-edu-ar\/"},"uagb_comment_info":0,"uagb_excerpt":"Ni\u00f1as y ni\u00f1os de las Escuelas Primarias N\u00ba 20 y 207 vivieron una experiencia educativa en la UNCo que combin\u00f3 recorridos por facultades y desaf\u00edos de programaci\u00f3n y rob\u00f3tica.","_links":{"self":[{"href":"https:\/\/www.fi.uncoma.edu.ar\/index.php\/wp-json\/wp\/v2\/posts\/29741"}],"collection":[{"href":"https:\/\/www.fi.uncoma.edu.ar\/index.php\/wp-json\/wp\/v2\/posts"}],"about":[{"href":"https:\/\/www.fi.uncoma.edu.ar\/index.php\/wp-json\/wp\/v2\/types\/post"}],"author":[{"embeddable":true,"href":"https:\/\/www.fi.uncoma.edu.ar\/index.php\/wp-json\/wp\/v2\/users\/3"}],"replies":[{"embeddable":true,"href":"https:\/\/www.fi.uncoma.edu.ar\/index.php\/wp-json\/wp\/v2\/comments?post=29741"}],"version-history":[{"count":7,"href":"https:\/\/www.fi.uncoma.edu.ar\/index.php\/wp-json\/wp\/v2\/posts\/29741\/revisions"}],"predecessor-version":[{"id":29751,"href":"https:\/\/www.fi.uncoma.edu.ar\/index.php\/wp-json\/wp\/v2\/posts\/29741\/revisions\/29751"}],"wp:featuredmedia":[{"embeddable":true,"href":"https:\/\/www.fi.uncoma.edu.ar\/index.php\/wp-json\/wp\/v2\/media\/29742"}],"wp:attachment":[{"href":"https:\/\/www.fi.uncoma.edu.ar\/index.php\/wp-json\/wp\/v2\/media?parent=29741"}],"wp:term":[{"taxonomy":"category","embeddable":true,"href":"https:\/\/www.fi.uncoma.edu.ar\/index.php\/wp-json\/wp\/v2\/categories?post=29741"},{"taxonomy":"post_tag","embeddable":true,"href":"https:\/\/www.fi.uncoma.edu.ar\/index.php\/wp-json\/wp\/v2\/tags?post=29741"}],"curies":[{"name":"wp","href":"https:\/\/api.w.org\/{rel}","templated":true}]}}