{"id":29917,"date":"2025-12-15T12:11:47","date_gmt":"2025-12-15T15:11:47","guid":{"rendered":"https:\/\/www.fi.uncoma.edu.ar\/?p=29917"},"modified":"2025-12-15T14:17:14","modified_gmt":"2025-12-15T17:17:14","slug":"invitacion-al-acto-academico-de-jura-y-entrega-de-diplomas-de-la-fai-19-12-2025","status":"publish","type":"post","link":"https:\/\/www.fi.uncoma.edu.ar\/index.php\/novedades\/invitacion-al-acto-academico-de-jura-y-entrega-de-diplomas-de-la-fai-19-12-2025\/","title":{"rendered":"Invitaci\u00f3n al Acto Acad\u00e9mico de Jura y Entrega de Diplomas de la FAI"},"content":{"rendered":"\n<p>Tenemos el agrado de invitarles al <strong>Acto Acad\u00e9mico de Jura y Entrega de Diplomas<\/strong>, que se llevar\u00e1 a cabo el d\u00eda viernes <strong>19 de diciembre de 2025 a las 18:00 horas<\/strong>, en el <strong>Aula Magna<\/strong> <strong>de nuestra Universidad<\/strong>.<\/p>\n\n\n\n<p>Durante la ceremonia se celebrar\u00e1 la graduaci\u00f3n de estudiantes de <strong>pregrado, grado y posgrado<\/strong>, quienes han culminado una etapa fundamental de su formaci\u00f3n acad\u00e9mica. Compartimos con ustedes los nombres de quienes recibir\u00e1n su diploma:<\/p>\n\n\n\n<p><strong>Graduados\/as:<\/strong><\/p>\n\n\n\n<p><strong>Maestr\u00eda en Ense\u00f1anza en Escenarios Digitales<\/strong><br>Silvina del Valle ARECO<br>Elisa Beatriz ARRIAGADA<br>Rosina Beatriz BASTIDAS<br>Carolina Gabriela POZZEBON<br>Mar\u00eda de las Mercedes SEGURA<br>Alicia Nilda STOCCO<\/p>\n\n\n\n<p><strong>Profesorado en Inform\u00e1tica<\/strong><br>Sebasti\u00e1n Gabriel ALVARADO<\/p>\n\n\n\n<p><strong>Licenciatura en Ciencias de la Computaci\u00f3n<\/strong><br>Alejandro Karim YOUNES MHANNA<\/p>\n\n\n\n<p><strong>Licenciatura en Sistemas de Informaci\u00f3n<\/strong><br>Walter Rafael GARRIDO<br>Francisco Ra\u00fal TORRES<\/p>\n\n\n\n<p><strong>Analista Programador Universitario<\/strong><br>Lara Valentina ACU\u00d1A BRAVO<br>Paula Martina CORONEL<br>Nicanor FERN\u00c1NDEZ<br>Nicol\u00e1s Iv\u00e1n JACZNIK<br>Facundo Mat\u00edas MU\u00d1OZ ALESSI<br>Albany Danielle PETIT SALAZAR<br>Kevin Manuel QUINTERO MART\u00cdNEZ<br>Sebasti\u00e1n Alejandro REIBOLD<br>Jerem\u00edas Agust\u00edn RODR\u00cdGUEZ<br>Antonio Javier SARMIENTO<br>Mariano Agust\u00edn VERGARA FLORES<\/p>\n\n\n\n<p><strong>Licenciatura en Ciencias de la Computaci\u00f3n<\/strong><br>Manuel Alejandro PEREYRA<\/p>\n\n\n\n<p><strong>Tecnicatura Universitaria en Desarrollo Web<\/strong><br>Diego Mat\u00edas BENJAM\u00cdN<br>Mirko Stefano Yune DINAMARCA BELLO<br>Joaqu\u00edn Conrado IRIGOYEN<br>Santiago Augusto LUBARY PORTILLO<br>Axel Nicol\u00e1s MALDONADO<br>Melani Ailyn QUI\u00d1I\u00d1IRES<\/p>\n\n\n\n<p>Ser\u00e1 un momento especial para acompa\u00f1ar y reconocer el esfuerzo y dedicaci\u00f3n de nuestros egresados y egresadas.<br><strong>\u00a1Les esperamos para compartir juntos esta celebraci\u00f3n!<\/strong><\/p>\n\n\n\n<p><a href=\"https:\/\/drive.google.com\/file\/d\/1amTRXqJks8NdOqYf9QG-k_G7GqmR93st\/view?usp=sharing\" target=\"_blank\" rel=\"noreferrer noopener\">Descargar la INVITACI\u00d3N DEL ACTO aqu\u00ed.<\/a><\/p>\n\n\n\n<p><a href=\"https:\/\/drive.google.com\/file\/d\/13xywr0a63pjTaLGmCbQLNPYJv3Aaw5-Y\/view?usp=sharing\" target=\"_blank\" rel=\"noreferrer noopener\">Descargar el PROGRAMA DEL ACTO aqu\u00ed.<\/a><\/p>\n","protected":false},"excerpt":{"rendered":"<p>Tenemos el agrado de invitarles al Acto Acad\u00e9mico de Jura y Entrega de Diplomas, que se llevar\u00e1 a cabo el d\u00eda viernes 19 de diciembre de 2025 a las 18:00 horas, en el Aula Magna de nuestra Universidad.<\/p>\n","protected":false},"author":6,"featured_media":29185,"comment_status":"closed","ping_status":"open","sticky":false,"template":"","format":"standard","meta":{"site-sidebar-layout":"default","site-content-layout":"default","ast-global-header-display":"","ast-main-header-display":"","ast-hfb-above-header-display":"","ast-hfb-below-header-display":"","ast-hfb-mobile-header-display":"","site-post-title":"","ast-breadcrumbs-content":"","ast-featured-img":"","footer-sml-layout":"","theme-transparent-header-meta":"","adv-header-id-meta":"","stick-header-meta":"","header-above-stick-meta":"","header-main-stick-meta":"","header-below-stick-meta":""},"categories":[3],"tags":[],"uagb_featured_image_src":{"full":["https:\/\/www.fi.uncoma.edu.ar\/wp-content\/uploads\/2025\/09\/IMG_20230602_174843772_HDR-scaled.jpg",1920,2560,false],"thumbnail":["https:\/\/www.fi.uncoma.edu.ar\/wp-content\/uploads\/2025\/09\/IMG_20230602_174843772_HDR-150x150.jpg",150,150,true],"medium":["https:\/\/www.fi.uncoma.edu.ar\/wp-content\/uploads\/2025\/09\/IMG_20230602_174843772_HDR-225x300.jpg",225,300,true],"medium_large":["https:\/\/www.fi.uncoma.edu.ar\/wp-content\/uploads\/2025\/09\/IMG_20230602_174843772_HDR-768x1024.jpg",768,1024,true],"large":["https:\/\/www.fi.uncoma.edu.ar\/wp-content\/uploads\/2025\/09\/IMG_20230602_174843772_HDR-768x1024.jpg",768,1024,true],"1536x1536":["https:\/\/www.fi.uncoma.edu.ar\/wp-content\/uploads\/2025\/09\/IMG_20230602_174843772_HDR-1152x1536.jpg",1152,1536,true],"2048x2048":["https:\/\/www.fi.uncoma.edu.ar\/wp-content\/uploads\/2025\/09\/IMG_20230602_174843772_HDR-1536x2048.jpg",1536,2048,true]},"uagb_author_info":{"display_name":"Novedad Institucional","author_link":"https:\/\/www.fi.uncoma.edu.ar\/index.php\/author\/novedad-institucional\/"},"uagb_comment_info":0,"uagb_excerpt":"Tenemos el agrado de invitarles al Acto Acad\u00e9mico de Jura y Entrega de Diplomas, que se llevar\u00e1 a cabo el d\u00eda viernes 19 de diciembre de 2025 a las 18:00 horas, en el Aula Magna de nuestra Universidad.","_links":{"self":[{"href":"https:\/\/www.fi.uncoma.edu.ar\/index.php\/wp-json\/wp\/v2\/posts\/29917"}],"collection":[{"href":"https:\/\/www.fi.uncoma.edu.ar\/index.php\/wp-json\/wp\/v2\/posts"}],"about":[{"href":"https:\/\/www.fi.uncoma.edu.ar\/index.php\/wp-json\/wp\/v2\/types\/post"}],"author":[{"embeddable":true,"href":"https:\/\/www.fi.uncoma.edu.ar\/index.php\/wp-json\/wp\/v2\/users\/6"}],"replies":[{"embeddable":true,"href":"https:\/\/www.fi.uncoma.edu.ar\/index.php\/wp-json\/wp\/v2\/comments?post=29917"}],"version-history":[{"count":4,"href":"https:\/\/www.fi.uncoma.edu.ar\/index.php\/wp-json\/wp\/v2\/posts\/29917\/revisions"}],"predecessor-version":[{"id":29942,"href":"https:\/\/www.fi.uncoma.edu.ar\/index.php\/wp-json\/wp\/v2\/posts\/29917\/revisions\/29942"}],"wp:featuredmedia":[{"embeddable":true,"href":"https:\/\/www.fi.uncoma.edu.ar\/index.php\/wp-json\/wp\/v2\/media\/29185"}],"wp:attachment":[{"href":"https:\/\/www.fi.uncoma.edu.ar\/index.php\/wp-json\/wp\/v2\/media?parent=29917"}],"wp:term":[{"taxonomy":"category","embeddable":true,"href":"https:\/\/www.fi.uncoma.edu.ar\/index.php\/wp-json\/wp\/v2\/categories?post=29917"},{"taxonomy":"post_tag","embeddable":true,"href":"https:\/\/www.fi.uncoma.edu.ar\/index.php\/wp-json\/wp\/v2\/tags?post=29917"}],"curies":[{"name":"wp","href":"https:\/\/api.w.org\/{rel}","templated":true}]}}