{"id":30226,"date":"2026-03-25T00:36:00","date_gmt":"2026-03-25T03:36:00","guid":{"rendered":"https:\/\/www.fi.uncoma.edu.ar\/?p=30226"},"modified":"2026-03-25T14:15:38","modified_gmt":"2026-03-25T17:15:38","slug":"mesas-de-examen-turno-ordinario-diciembre-2025-copia","status":"publish","type":"post","link":"https:\/\/www.fi.uncoma.edu.ar\/index.php\/novedades\/mesas-de-examen-turno-ordinario-diciembre-2025-copia\/","title":{"rendered":"Mesas de examen: Turno Ordinario Febrero-Marzo 2026 &#8211; Actualizado"},"content":{"rendered":"\t\t<div data-elementor-type=\"wp-post\" data-elementor-id=\"30226\" class=\"elementor elementor-30226\">\n\t\t\t\t\t\t\t\t\t<section class=\"elementor-section elementor-top-section elementor-element elementor-element-6fce61b elementor-section-boxed elementor-section-height-default elementor-section-height-default\" data-id=\"6fce61b\" data-element_type=\"section\">\n\t\t\t\t\t\t<div class=\"elementor-container elementor-column-gap-default\">\n\t\t\t\t\t<div class=\"elementor-column elementor-col-100 elementor-top-column elementor-element elementor-element-a69d7d4\" data-id=\"a69d7d4\" data-element_type=\"column\">\n\t\t\t<div class=\"elementor-widget-wrap elementor-element-populated\">\n\t\t\t\t\t\t\t\t<div class=\"elementor-element elementor-element-87d6429 elementor-widget elementor-widget-text-editor\" data-id=\"87d6429\" data-element_type=\"widget\" data-widget_type=\"text-editor.default\">\n\t\t\t\t<div class=\"elementor-widget-container\">\n\t\t\t<style>\/*! elementor - v3.6.7 - 03-07-2022 *\/\n.elementor-widget-text-editor.elementor-drop-cap-view-stacked .elementor-drop-cap{background-color:#818a91;color:#fff}.elementor-widget-text-editor.elementor-drop-cap-view-framed .elementor-drop-cap{color:#818a91;border:3px solid;background-color:transparent}.elementor-widget-text-editor:not(.elementor-drop-cap-view-default) .elementor-drop-cap{margin-top:8px}.elementor-widget-text-editor:not(.elementor-drop-cap-view-default) .elementor-drop-cap-letter{width:1em;height:1em}.elementor-widget-text-editor .elementor-drop-cap{float:left;text-align:center;line-height:1;font-size:50px}.elementor-widget-text-editor .elementor-drop-cap-letter{display:inline-block}<\/style>\t\t\t\t<ul>\n<li>Los ex\u00e1menes del&nbsp;<strong>Turno Ordinario de Febrero-Marzo de 2026<\/strong>&nbsp;se realizar\u00e1n en tres llamados, excepcionalmente (Res.CD FAIF N\u00b0 209\/2025):<\/li>\n<li><strong>Primer llamado:<\/strong> del 18 al 24 de febrero de 2026<\/li>\n<li><strong>Segundo llamado:<\/strong> del 09 al 13 de marzo de 2026<\/li>\n<li><strong>Tercer llamado:<\/strong> del 25 al 27 de marzo de 2026 <em>(sin dictado de clases)<\/em><\/li>\n<\/ul>\n<p><em>Atenci\u00f3n:&nbsp;<\/em><\/p>\n<ul>\n<li><em>Las mesas que corresponden a asignaturas dictadas por docentes de la Facultad de Ciencias de la Educaci\u00f3n, tendr\u00e1n fechas coincidentes con algunas de las publicadas para la Facultad de Econom\u00eda y Administraci\u00f3n o la Facultad de Ingenier\u00eda.<\/em><\/li>\n<li><em>Se incluyeron las fechas de las mesas de ex\u00e1menes para la carrera Tecnicatura Universitaria en Desarrollo Web con sede de dictado en Cutral Co, que difieren con las de la sede de dictado Neuqu\u00e9n. Prestar atenci\u00f3n al inscribirse y presentarse a rendir.<\/em><\/li>\n<\/ul>\n<p><strong>Las inscripciones por sistema SIU estar\u00e1n habilitadas a partir del lunes 02 de febrero de 2026.<\/strong><span style=\"font-family: var( --e-global-typography-text-font-family ), Sans-serif; font-weight: var( --e-global-typography-text-font-weight ); background-color: var(--ast-global-color-5); color: unset; font-size: 1rem;\">&nbsp;<\/span><\/p>\n<p><span style=\"font-family: var( --e-global-typography-text-font-family ), Sans-serif; background-color: var(--ast-global-color-5); color: unset; font-size: 1rem;\"><b>[<a href=\"https:\/\/www.fi.uncoma.edu.ar\/wp-content\/uploads\/2026\/03\/FAI_Llamado_Ordinario_Feb_Mar_2026-ord-alf-V1-2.pdf\" target=\"_blank\" rel=\"noopener\">Ver Listado &#8211; Sede Neuqu\u00e9n<\/a><\/b><\/span><b style=\"color: unset; font-family: var( --e-global-typography-text-font-family ), Sans-serif; font-size: 1rem; font-style: inherit;\">] &#8211; <em>Listado modificado<\/em><\/b><\/p>\n<p><span style=\"color: unset; font-size: 1rem;\"><span style=\"font-weight: bold;\">[<a style=\"transition-property: all;\" href=\"https:\/\/www.fi.uncoma.edu.ar\/wp-content\/uploads\/2026\/01\/FAI_Llamado_Ordinario_Feb_Mar_2026-ord-alf-V1-CUTRAL-CO.pdf\" target=\"_blank\" rel=\"noopener\">Ver Listado &#8211; Sede Cutral Co<\/a><\/span><\/span><span style=\"font-weight: bold; color: unset; font-size: 1rem; font-style: inherit;\">]<\/span><b style=\"color: unset; font-family: var( --e-global-typography-text-font-family ), Sans-serif; font-size: 1rem; font-style: inherit;\"><\/b><\/p>\n<p style=\"font-size: 16px; font-style: normal; font-weight: 400;\"><span style=\"font-weight: bold;\">NOVEDADES:&nbsp;<\/span><\/p>\n<ul>\n<li style=\"font-size: 16px; font-style: normal; font-weight: 400;\">Las mesas de ex\u00e1menes de la asignatura <strong>Elementos de \u00c1lgebra<\/strong> se constituir\u00e1n el d\u00eda martes 31\/03\/2026 a las 09:00 horas.<\/li>\n<li style=\"font-size: 16px; font-style: normal; font-weight: 400;\">Se modifica la fecha de examen del segundo llamado de la asignatura <strong>C\u00e1lculo Diferencial e Integral&nbsp;<\/strong>al d\u00eda jueves 19\/03\/2026 a las 14:00 horas.<\/li>\n<li style=\"font-size: 16px; font-style: normal; font-weight: 400;\">Se agregaron las mesas de la asignatura <strong>C\u00e1lculo Diferencial e Integral<\/strong> (segundo y tercer llamado).<\/li>\n<li style=\"font-size: 16px; font-style: normal; font-weight: 400;\">Se agregaron las mesas de las asignaturas <strong>Psicolog\u00eda I<\/strong> y <strong>Psicolog\u00eda II<\/strong>.<\/li>\n<li style=\"font-size: 16px; font-style: normal; font-weight: 400;\">Se modificaron las fechas de ex\u00e1menes y vencimientos de las asignaturas <strong>Administraci\u00f3n, Dise\u00f1o y Documentaci\u00f3n de Sistemas<\/strong> y <strong>Framework e Interoperabilidad<\/strong>.<\/li>\n<\/ul>\n<p style=\"font-size: 16px; font-style: normal; font-weight: 400;\"><span style=\"font-weight: bold;\">&#8212;<\/span><\/p>\t\t\t\t\t\t<\/div>\n\t\t\t\t<\/div>\n\t\t\t\t\t<\/div>\n\t\t<\/div>\n\t\t\t\t\t\t\t<\/div>\n\t\t<\/section>\n\t\t\t\t<section class=\"elementor-section elementor-top-section elementor-element elementor-element-6c810404 elementor-section-boxed elementor-section-height-default elementor-section-height-default\" data-id=\"6c810404\" data-element_type=\"section\">\n\t\t\t\t\t\t<div class=\"elementor-container elementor-column-gap-default\">\n\t\t\t\t\t<div class=\"elementor-column elementor-col-33 elementor-top-column elementor-element elementor-element-7cb6772d\" data-id=\"7cb6772d\" data-element_type=\"column\">\n\t\t\t<div class=\"elementor-widget-wrap\">\n\t\t\t\t\t\t\t\t\t<\/div>\n\t\t<\/div>\n\t\t\t\t<div class=\"make-column-clickable-elementor elementor-column elementor-col-33 elementor-top-column elementor-element elementor-element-7ecf5d7d\" style=\"cursor: pointer;\" data-column-clickable=\"http:\/\/www.fi.uncoma.edu.ar\/wp-content\/uploads\/2022\/07\/2022_FAI_Llamado_Ordinario_Julio_Agosto.pdf\" data-column-clickable-blank=\"_self\" data-id=\"7ecf5d7d\" data-element_type=\"column\">\n\t\t\t<div class=\"elementor-widget-wrap\">\n\t\t\t\t\t\t\t\t\t<\/div>\n\t\t<\/div>\n\t\t\t\t<div class=\"elementor-column elementor-col-33 elementor-top-column elementor-element elementor-element-71c0b1d3\" data-id=\"71c0b1d3\" data-element_type=\"column\">\n\t\t\t<div class=\"elementor-widget-wrap\">\n\t\t\t\t\t\t\t\t\t<\/div>\n\t\t<\/div>\n\t\t\t\t\t\t\t<\/div>\n\t\t<\/section>\n\t\t\t\t\t\t\t<\/div>\n\t\t","protected":false},"excerpt":{"rendered":"<p>Los ex\u00e1menes del\u00a0Turno Ordinario de Febrero-Marzo de 2026\u00a0se realizar\u00e1n en tres llamados, excepcionalmente (Res.CD FAIF N\u00b0 209\/2025):<\/p>\n<p>Primer llamado: del 18 al 24 de febrero de 2026<br \/>\nSegundo llamado: del 09 al 13 de marzo de 2026<br \/>\nTercer llamado: del 25 al 27 de marzo de 2026 (sin dictado de clases)<\/p>\n<p>Las inscripciones por sistema SIU estar\u00e1n habilitadas a partir del lunes 02 de febrero de 2026.<br \/>\nATENCI\u00d3N: Hubo modificaciones, revisar.<\/p>\n","protected":false},"author":5,"featured_media":20338,"comment_status":"closed","ping_status":"open","sticky":false,"template":"","format":"standard","meta":{"site-sidebar-layout":"default","site-content-layout":"default","ast-global-header-display":"","ast-main-header-display":"","ast-hfb-above-header-display":"","ast-hfb-below-header-display":"","ast-hfb-mobile-header-display":"","site-post-title":"","ast-breadcrumbs-content":"","ast-featured-img":"","footer-sml-layout":"","theme-transparent-header-meta":"","adv-header-id-meta":"","stick-header-meta":"","header-above-stick-meta":"","header-main-stick-meta":"","header-below-stick-meta":""},"categories":[82,3],"tags":[],"uagb_featured_image_src":{"full":["https:\/\/www.fi.uncoma.edu.ar\/wp-content\/uploads\/2023\/02\/imagen_2023-02-11_012658401.png",1024,1024,false],"thumbnail":["https:\/\/www.fi.uncoma.edu.ar\/wp-content\/uploads\/2023\/02\/imagen_2023-02-11_012658401-150x150.png",150,150,true],"medium":["https:\/\/www.fi.uncoma.edu.ar\/wp-content\/uploads\/2023\/02\/imagen_2023-02-11_012658401-300x300.png",300,300,true],"medium_large":["https:\/\/www.fi.uncoma.edu.ar\/wp-content\/uploads\/2023\/02\/imagen_2023-02-11_012658401-768x768.png",768,768,true],"large":["https:\/\/www.fi.uncoma.edu.ar\/wp-content\/uploads\/2023\/02\/imagen_2023-02-11_012658401.png",1024,1024,false],"1536x1536":["https:\/\/www.fi.uncoma.edu.ar\/wp-content\/uploads\/2023\/02\/imagen_2023-02-11_012658401.png",1024,1024,false],"2048x2048":["https:\/\/www.fi.uncoma.edu.ar\/wp-content\/uploads\/2023\/02\/imagen_2023-02-11_012658401.png",1024,1024,false]},"uagb_author_info":{"display_name":"departamentos alumnos","author_link":"https:\/\/www.fi.uncoma.edu.ar\/index.php\/author\/deptoalumnos\/"},"uagb_comment_info":0,"uagb_excerpt":"Los ex\u00e1menes del\u00a0Turno Ordinario de Febrero-Marzo de 2026\u00a0se realizar\u00e1n en tres llamados, excepcionalmente (Res.CD FAIF N\u00b0 209\/2025): Primer llamado: del 18 al 24 de febrero de 2026 Segundo llamado: del 09 al 13 de marzo de 2026 Tercer llamado: del 25 al 27 de marzo de 2026 (sin dictado de clases) Las inscripciones por sistema&hellip;","_links":{"self":[{"href":"https:\/\/www.fi.uncoma.edu.ar\/index.php\/wp-json\/wp\/v2\/posts\/30226"}],"collection":[{"href":"https:\/\/www.fi.uncoma.edu.ar\/index.php\/wp-json\/wp\/v2\/posts"}],"about":[{"href":"https:\/\/www.fi.uncoma.edu.ar\/index.php\/wp-json\/wp\/v2\/types\/post"}],"author":[{"embeddable":true,"href":"https:\/\/www.fi.uncoma.edu.ar\/index.php\/wp-json\/wp\/v2\/users\/5"}],"replies":[{"embeddable":true,"href":"https:\/\/www.fi.uncoma.edu.ar\/index.php\/wp-json\/wp\/v2\/comments?post=30226"}],"version-history":[{"count":31,"href":"https:\/\/www.fi.uncoma.edu.ar\/index.php\/wp-json\/wp\/v2\/posts\/30226\/revisions"}],"predecessor-version":[{"id":30776,"href":"https:\/\/www.fi.uncoma.edu.ar\/index.php\/wp-json\/wp\/v2\/posts\/30226\/revisions\/30776"}],"wp:featuredmedia":[{"embeddable":true,"href":"https:\/\/www.fi.uncoma.edu.ar\/index.php\/wp-json\/wp\/v2\/media\/20338"}],"wp:attachment":[{"href":"https:\/\/www.fi.uncoma.edu.ar\/index.php\/wp-json\/wp\/v2\/media?parent=30226"}],"wp:term":[{"taxonomy":"category","embeddable":true,"href":"https:\/\/www.fi.uncoma.edu.ar\/index.php\/wp-json\/wp\/v2\/categories?post=30226"},{"taxonomy":"post_tag","embeddable":true,"href":"https:\/\/www.fi.uncoma.edu.ar\/index.php\/wp-json\/wp\/v2\/tags?post=30226"}],"curies":[{"name":"wp","href":"https:\/\/api.w.org\/{rel}","templated":true}]}}