{"id":31795,"date":"2026-09-03T14:35:45","date_gmt":"2026-09-03T17:35:45","guid":{"rendered":"https:\/\/www.fi.uncoma.edu.ar\/?p=31795"},"modified":"2026-09-03T14:43:46","modified_gmt":"2026-09-03T17:43:46","slug":"taller-de-formacion-docente","status":"publish","type":"post","link":"https:\/\/www.fi.uncoma.edu.ar\/index.php\/novedades\/taller-de-formacion-docente\/","title":{"rendered":"Taller de Formaci\u00f3n Docente"},"content":{"rendered":"\t\t<div data-elementor-type=\"wp-post\" data-elementor-id=\"31795\" class=\"elementor elementor-31795\">\n\t\t\t\t\t\t\t\t\t<section class=\"elementor-section elementor-top-section elementor-element elementor-element-513e3053 elementor-section-boxed elementor-section-height-default elementor-section-height-default\" data-id=\"513e3053\" data-element_type=\"section\">\n\t\t\t\t\t\t<div class=\"elementor-container elementor-column-gap-default\">\n\t\t\t\t\t<div class=\"elementor-column elementor-col-100 elementor-top-column elementor-element elementor-element-7b81f32b\" data-id=\"7b81f32b\" data-element_type=\"column\">\n\t\t\t<div class=\"elementor-widget-wrap elementor-element-populated\">\n\t\t\t\t\t\t\t\t<div class=\"elementor-element elementor-element-290d2f9f elementor-widget elementor-widget-text-editor\" data-id=\"290d2f9f\" data-element_type=\"widget\" data-widget_type=\"text-editor.default\">\n\t\t\t\t<div class=\"elementor-widget-container\">\n\t\t\t<style>\/*! elementor - v3.6.7 - 03-07-2022 *\/\n.elementor-widget-text-editor.elementor-drop-cap-view-stacked .elementor-drop-cap{background-color:#818a91;color:#fff}.elementor-widget-text-editor.elementor-drop-cap-view-framed .elementor-drop-cap{color:#818a91;border:3px solid;background-color:transparent}.elementor-widget-text-editor:not(.elementor-drop-cap-view-default) .elementor-drop-cap{margin-top:8px}.elementor-widget-text-editor:not(.elementor-drop-cap-view-default) .elementor-drop-cap-letter{width:1em;height:1em}.elementor-widget-text-editor .elementor-drop-cap{float:left;text-align:center;line-height:1;font-size:50px}.elementor-widget-text-editor .elementor-drop-cap-letter{display:inline-block}<\/style>\t\t\t\t<!-- wp:heading {\"textAlign\":\"center\"} -->\n<h2 class=\"has-text-align-center\">Conceptos Fundamentales sobre Programaci\u00f3n L\u00f3gica \u2013 Edici\u00f3n 2026<\/h2>\n<!-- \/wp:heading -->\t\t\t\t\t\t<\/div>\n\t\t\t\t<\/div>\n\t\t\t\t\t<\/div>\n\t\t<\/div>\n\t\t\t\t\t\t\t<\/div>\n\t\t<\/section>\n\t\t\t\t<section class=\"elementor-section elementor-top-section elementor-element elementor-element-dd9cd60 elementor-section-boxed elementor-section-height-default elementor-section-height-default\" data-id=\"dd9cd60\" data-element_type=\"section\">\n\t\t\t\t\t\t<div class=\"elementor-container elementor-column-gap-default\">\n\t\t\t\t\t<div class=\"elementor-column elementor-col-100 elementor-top-column elementor-element elementor-element-eb03f0b\" data-id=\"eb03f0b\" data-element_type=\"column\">\n\t\t\t<div class=\"elementor-widget-wrap elementor-element-populated\">\n\t\t\t\t\t\t\t\t<div class=\"elementor-element elementor-element-0ad5280 elementor-widget elementor-widget-text-editor\" data-id=\"0ad5280\" data-element_type=\"widget\" data-widget_type=\"text-editor.default\">\n\t\t\t\t<div class=\"elementor-widget-container\">\n\t\t\t\t\t\t\t<p class=\"isSelectedEnd\"><img draggable=\"false\" role=\"img\" class=\"emoji\" alt=\"\ud83d\udce2\" src=\"https:\/\/s.w.org\/images\/core\/emoji\/14.0.0\/svg\/1f4e2.svg\"> <strong>Inscripciones abiertas | Cupos limitados<\/strong><\/p>\n<p class=\"isSelectedEnd\"><strong>La<\/strong> <strong>Facultad de Inform\u00e1tica de la Universidad Nacional del Comahue<\/strong> invita a participar del taller de formaci\u00f3n docente <strong>\u201cConceptos Fundamentales sobre Programaci\u00f3n L\u00f3gica\u201d \u2013 Edici\u00f3n 2026<\/strong>.<\/p>\n<p class=\"isSelectedEnd\">El taller est\u00e1 destinado a:<\/p>\n<ul data-spread=\"false\">\n<li><img draggable=\"false\" role=\"img\" class=\"emoji\" alt=\"\ud83d\udc69\u200d\ud83c\udfeb\" src=\"https:\/\/s.w.org\/images\/core\/emoji\/14.0.0\/svg\/1f469-200d-1f3eb.svg\"> <strong>Docentes de Nivel Primario<\/strong><\/li>\n<li><img draggable=\"false\" role=\"img\" class=\"emoji\" alt=\"\ud83d\udc68\u200d\ud83c\udfeb\" src=\"https:\/\/s.w.org\/images\/core\/emoji\/14.0.0\/svg\/1f468-200d-1f3eb.svg\"> <strong>Docentes de Nivel Secundario de las \u00e1reas de Inform\u00e1tica y Matem\u00e1tica<\/strong><\/li>\n<\/ul>\n<p class=\"isSelectedEnd\"><img draggable=\"false\" role=\"img\" class=\"emoji\" alt=\"\ud83d\udccd\" src=\"https:\/\/s.w.org\/images\/core\/emoji\/14.0.0\/svg\/1f4cd.svg\"> <strong>Modalidad:<\/strong> presencial<br><img draggable=\"false\" role=\"img\" class=\"emoji\" alt=\"\ud83d\udccc\" src=\"https:\/\/s.w.org\/images\/core\/emoji\/14.0.0\/svg\/1f4cc.svg\"> <strong>Lugar:<\/strong> Facultad de Inform\u00e1tica \u2013 Universidad Nacional del Comahue<\/p>\n<h5><strong><img draggable=\"false\" role=\"img\" class=\"emoji\" alt=\"\ud83d\udcc5\" src=\"https:\/\/s.w.org\/images\/core\/emoji\/14.0.0\/svg\/1f4c5.svg\"> Fechas y horarios<\/strong><\/h5>\n<ul data-spread=\"false\">\n<li><strong>Viernes 11 de septiembre \u2013 18:00 hs<\/strong><\/li>\n<li><strong>Viernes 18 de septiembre \u2013 18:00 hs<\/strong><\/li>\n<li><strong>Viernes 25 de septiembre \u2013 18:00 hs<\/strong><\/li>\n<\/ul>\n<p class=\"isSelectedEnd\"><img draggable=\"false\" role=\"img\" class=\"emoji\" alt=\"\ud83d\udca1\" src=\"https:\/\/s.w.org\/images\/core\/emoji\/14.0.0\/svg\/1f4a1.svg\"> La propuesta busca acercar a docentes a los <strong>conceptos fundamentales de la Programaci\u00f3n L\u00f3gica<\/strong>, promoviendo el desarrollo del pensamiento l\u00f3gico y su integraci\u00f3n en experiencias de aprendizaje.<\/p>\n<p class=\"isSelectedEnd\">El taller forma parte de las iniciativas desarrolladas desde 2022 por el <strong>Grupo de Investigaci\u00f3n en Lenguajes e Inteligencia Artificial (GILIA)<\/strong> de la Facultad de Inform\u00e1tica de la Universidad Nacional del Comahue, en conjunto con <strong>PEG 2.0 (Prolog Education Group)<\/strong>.<\/p>\n<p class=\"isSelectedEnd\">Asimismo, se desarrolla en el marco del Proyecto de Extensi\u00f3n <strong>\u201cParticipaci\u00f3n docente en el co-dise\u00f1o de experiencias de aprendizaje para integrar el Pensamiento L\u00f3gico en la Escuela Primaria\u201d<\/strong>.<\/p>\n<h4><img draggable=\"false\" role=\"img\" class=\"emoji\" alt=\"\ud83d\udcdd\" src=\"https:\/\/s.w.org\/images\/core\/emoji\/14.0.0\/svg\/1f4dd.svg\">&nbsp;Pre-Inscripci\u00f3n<\/h4>\n<p class=\"isSelectedEnd\">Los cupos son <strong>limitados<\/strong>. Para participar, es necesario completar el siguiente formulario:<\/p>\n<p class=\"isSelectedEnd\"><img draggable=\"false\" role=\"img\" class=\"emoji\" alt=\"\ud83d\udc49\" src=\"https:\/\/s.w.org\/images\/core\/emoji\/14.0.0\/svg\/1f449.svg\"> <strong>Formulario de Pre-inscripci\u00f3n:<\/strong><br><a href=\"https:\/\/forms.gle\/SopeWNBN169tEVmu9\" target=\"_blank\" rel=\"noopener\">https:\/\/forms.gle\/SopeWNBN169tEVmu9<\/a><\/p>\n<p><strong>\u00a1Te esperamos!<\/strong><\/p>\t\t\t\t\t\t<\/div>\n\t\t\t\t<\/div>\n\t\t\t\t\t<\/div>\n\t\t<\/div>\n\t\t\t\t\t\t\t<\/div>\n\t\t<\/section>\n\t\t\t\t\t\t\t<\/div>\n\t\t","protected":false},"excerpt":{"rendered":"<p>La Facultad de Inform\u00e1tica te invita a participar del taller de formaci\u00f3n docente \u201cConceptos Fundamentales sobre Programaci\u00f3n L\u00f3gica\u201d \u2013 Edici\u00f3n 2026.<\/p>\n","protected":false},"author":3,"featured_media":31796,"comment_status":"closed","ping_status":"open","sticky":false,"template":"","format":"standard","meta":{"site-sidebar-layout":"default","site-content-layout":"default","ast-global-header-display":"","ast-main-header-display":"","ast-hfb-above-header-display":"","ast-hfb-below-header-display":"","ast-hfb-mobile-header-display":"","site-post-title":"","ast-breadcrumbs-content":"","ast-featured-img":"","footer-sml-layout":"","theme-transparent-header-meta":"","adv-header-id-meta":"","stick-header-meta":"","header-above-stick-meta":"","header-main-stick-meta":"","header-below-stick-meta":""},"categories":[3],"tags":[],"uagb_featured_image_src":{"full":["https:\/\/www.fi.uncoma.edu.ar\/wp-content\/uploads\/2026\/09\/Gemini_Generated_Image_fecj2zfecj2zfecj.png",1024,1024,false],"thumbnail":["https:\/\/www.fi.uncoma.edu.ar\/wp-content\/uploads\/2026\/09\/Gemini_Generated_Image_fecj2zfecj2zfecj-150x150.png",150,150,true],"medium":["https:\/\/www.fi.uncoma.edu.ar\/wp-content\/uploads\/2026\/09\/Gemini_Generated_Image_fecj2zfecj2zfecj-300x300.png",300,300,true],"medium_large":["https:\/\/www.fi.uncoma.edu.ar\/wp-content\/uploads\/2026\/09\/Gemini_Generated_Image_fecj2zfecj2zfecj-768x768.png",768,768,true],"large":["https:\/\/www.fi.uncoma.edu.ar\/wp-content\/uploads\/2026\/09\/Gemini_Generated_Image_fecj2zfecj2zfecj.png",1024,1024,false],"1536x1536":["https:\/\/www.fi.uncoma.edu.ar\/wp-content\/uploads\/2026\/09\/Gemini_Generated_Image_fecj2zfecj2zfecj.png",1024,1024,false],"2048x2048":["https:\/\/www.fi.uncoma.edu.ar\/wp-content\/uploads\/2026\/09\/Gemini_Generated_Image_fecj2zfecj2zfecj.png",1024,1024,false]},"uagb_author_info":{"display_name":"Secretaria Extension","author_link":"https:\/\/www.fi.uncoma.edu.ar\/index.php\/author\/secretaria-extensionfi-uncoma-edu-ar\/"},"uagb_comment_info":0,"uagb_excerpt":"La Facultad de Inform\u00e1tica te invita a participar del taller de formaci\u00f3n docente \u201cConceptos Fundamentales sobre Programaci\u00f3n L\u00f3gica\u201d \u2013 Edici\u00f3n 2026.","_links":{"self":[{"href":"https:\/\/www.fi.uncoma.edu.ar\/index.php\/wp-json\/wp\/v2\/posts\/31795"}],"collection":[{"href":"https:\/\/www.fi.uncoma.edu.ar\/index.php\/wp-json\/wp\/v2\/posts"}],"about":[{"href":"https:\/\/www.fi.uncoma.edu.ar\/index.php\/wp-json\/wp\/v2\/types\/post"}],"author":[{"embeddable":true,"href":"https:\/\/www.fi.uncoma.edu.ar\/index.php\/wp-json\/wp\/v2\/users\/3"}],"replies":[{"embeddable":true,"href":"https:\/\/www.fi.uncoma.edu.ar\/index.php\/wp-json\/wp\/v2\/comments?post=31795"}],"version-history":[{"count":19,"href":"https:\/\/www.fi.uncoma.edu.ar\/index.php\/wp-json\/wp\/v2\/posts\/31795\/revisions"}],"predecessor-version":[{"id":31815,"href":"https:\/\/www.fi.uncoma.edu.ar\/index.php\/wp-json\/wp\/v2\/posts\/31795\/revisions\/31815"}],"wp:featuredmedia":[{"embeddable":true,"href":"https:\/\/www.fi.uncoma.edu.ar\/index.php\/wp-json\/wp\/v2\/media\/31796"}],"wp:attachment":[{"href":"https:\/\/www.fi.uncoma.edu.ar\/index.php\/wp-json\/wp\/v2\/media?parent=31795"}],"wp:term":[{"taxonomy":"category","embeddable":true,"href":"https:\/\/www.fi.uncoma.edu.ar\/index.php\/wp-json\/wp\/v2\/categories?post=31795"},{"taxonomy":"post_tag","embeddable":true,"href":"https:\/\/www.fi.uncoma.edu.ar\/index.php\/wp-json\/wp\/v2\/tags?post=31795"}],"curies":[{"name":"wp","href":"https:\/\/api.w.org\/{rel}","templated":true}]}}