{"id":31817,"date":"2026-09-03T16:11:49","date_gmt":"2026-09-03T19:11:49","guid":{"rendered":"https:\/\/www.fi.uncoma.edu.ar\/?p=31817"},"modified":"2026-09-03T16:15:17","modified_gmt":"2026-09-03T19:15:17","slug":"se-celebro-el-fin-de-cursada-de-la-1o-cohorte-de-la-especializacion-en-inteligencia-de-datos-aplicada","status":"publish","type":"post","link":"https:\/\/www.fi.uncoma.edu.ar\/index.php\/novedades\/se-celebro-el-fin-de-cursada-de-la-1o-cohorte-de-la-especializacion-en-inteligencia-de-datos-aplicada\/","title":{"rendered":"\u00a0Se\u00a0 celebr\u00f3 el fin de cursada de la 1\u00ba cohorte de la Especializaci\u00f3n en Inteligencia de Datos Aplicada."},"content":{"rendered":"\t\t<div data-elementor-type=\"wp-post\" data-elementor-id=\"31817\" class=\"elementor elementor-31817\">\n\t\t\t\t\t\t\t\t\t<section class=\"elementor-section elementor-top-section elementor-element elementor-element-3e1f94a6 elementor-section-boxed elementor-section-height-default elementor-section-height-default\" data-id=\"3e1f94a6\" data-element_type=\"section\">\n\t\t\t\t\t\t<div class=\"elementor-container elementor-column-gap-default\">\n\t\t\t\t\t<div class=\"elementor-column elementor-col-100 elementor-top-column elementor-element elementor-element-675e7c91\" data-id=\"675e7c91\" data-element_type=\"column\">\n\t\t\t<div class=\"elementor-widget-wrap elementor-element-populated\">\n\t\t\t\t\t\t\t\t<div class=\"elementor-element elementor-element-7c28c7ea elementor-widget elementor-widget-text-editor\" data-id=\"7c28c7ea\" data-element_type=\"widget\" data-widget_type=\"text-editor.default\">\n\t\t\t\t<div class=\"elementor-widget-container\">\n\t\t\t<style>\/*! elementor - v3.6.7 - 03-07-2022 *\/\n.elementor-widget-text-editor.elementor-drop-cap-view-stacked .elementor-drop-cap{background-color:#818a91;color:#fff}.elementor-widget-text-editor.elementor-drop-cap-view-framed .elementor-drop-cap{color:#818a91;border:3px solid;background-color:transparent}.elementor-widget-text-editor:not(.elementor-drop-cap-view-default) .elementor-drop-cap{margin-top:8px}.elementor-widget-text-editor:not(.elementor-drop-cap-view-default) .elementor-drop-cap-letter{width:1em;height:1em}.elementor-widget-text-editor .elementor-drop-cap{float:left;text-align:center;line-height:1;font-size:50px}.elementor-widget-text-editor .elementor-drop-cap-letter{display:inline-block}<\/style>\t\t\t\t<p><span style=\"font-weight: 400;\">El pasado 29 de agosto\u00a0 se celebr\u00f3 el cierre\u00a0 de la primera cohorte de la Especializaci\u00f3n en Inteligencia de Datos Aplicada.<\/span><\/p><p><span style=\"font-weight: 400;\">El evento se llev\u00f3 a cabo en el edificio de nuestra facultad y cont\u00f3 con la presencia del Decano de la Facultad de Inform\u00e1tica, Lic. Guillermo Grosso, y la Directora de la carrera, Dra. Agustina Buccela, junto a docentes y estudiantes de la especializaci\u00f3n, en una jornada de celebraci\u00f3n y reconocimiento al esfuerzo de toda la comunidad acad\u00e9mica.<\/span><\/p><p><span style=\"font-weight: 400;\">Durante el encuentro, se realiz\u00f3 la entrega de las certificaciones de\u00a0 finalizaci\u00f3n de cursado, a\u00a0 quienes formaron parte de esta primera promoci\u00f3n de especialistas en una de las \u00e1reas de mayor demanda y proyecci\u00f3n en la actualidad.<\/span><\/p><p><span style=\"font-weight: 400;\">Desde la facultad, felicitamos a todas y todos l\u00a0 y agradecemos a los docentes por su labor. Este logro reafirma el compromiso de nuestra casa de estudios con la calidad educativa y la innovaci\u00f3n tecnol\u00f3gica.<\/span><\/p>\t\t\t\t\t\t<\/div>\n\t\t\t\t<\/div>\n\t\t\t\t\t<\/div>\n\t\t<\/div>\n\t\t\t\t\t\t\t<\/div>\n\t\t<\/section>\n\t\t\t\t<section class=\"elementor-section elementor-top-section elementor-element elementor-element-b5b76ba elementor-section-boxed elementor-section-height-default elementor-section-height-default\" data-id=\"b5b76ba\" data-element_type=\"section\">\n\t\t\t\t\t\t<div class=\"elementor-container elementor-column-gap-default\">\n\t\t\t\t\t<div class=\"elementor-column elementor-col-100 elementor-top-column elementor-element elementor-element-480bd18\" data-id=\"480bd18\" data-element_type=\"column\">\n\t\t\t<div class=\"elementor-widget-wrap elementor-element-populated\">\n\t\t\t\t\t\t\t\t<div class=\"elementor-element elementor-element-933b525 elementor-arrows-position-inside elementor-pagination-position-outside elementor-widget elementor-widget-image-carousel\" data-id=\"933b525\" data-element_type=\"widget\" data-settings=\"{&quot;navigation&quot;:&quot;both&quot;,&quot;autoplay&quot;:&quot;yes&quot;,&quot;pause_on_hover&quot;:&quot;yes&quot;,&quot;pause_on_interaction&quot;:&quot;yes&quot;,&quot;autoplay_speed&quot;:5000,&quot;infinite&quot;:&quot;yes&quot;,&quot;speed&quot;:500}\" data-widget_type=\"image-carousel.default\">\n\t\t\t\t<div class=\"elementor-widget-container\">\n\t\t\t<style>\/*! elementor - v3.6.7 - 03-07-2022 *\/\n.elementor-widget-image-carousel .swiper-container{position:static}.elementor-widget-image-carousel .swiper-container .swiper-slide figure{line-height:inherit}.elementor-widget-image-carousel .swiper-slide{text-align:center}.elementor-image-carousel-wrapper:not(.swiper-container-initialized) .swiper-slide{max-width:calc(100% \/ var(--e-image-carousel-slides-to-show, 3))}<\/style>\t\t<div class=\"elementor-image-carousel-wrapper swiper-container\" dir=\"ltr\">\n\t\t\t<div class=\"elementor-image-carousel swiper-wrapper\">\n\t\t\t\t\t\t\t\t<div class=\"swiper-slide\"><figure class=\"swiper-slide-inner\"><img class=\"swiper-slide-image\" src=\"https:\/\/www.fi.uncoma.edu.ar\/wp-content\/uploads\/2026\/09\/1-150x150.jpeg\" alt=\"1\" \/><\/figure><\/div><div class=\"swiper-slide\"><figure class=\"swiper-slide-inner\"><img class=\"swiper-slide-image\" src=\"https:\/\/www.fi.uncoma.edu.ar\/wp-content\/uploads\/2026\/09\/2-150x150.jpeg\" alt=\"2\" \/><\/figure><\/div><div class=\"swiper-slide\"><figure class=\"swiper-slide-inner\"><img class=\"swiper-slide-image\" src=\"https:\/\/www.fi.uncoma.edu.ar\/wp-content\/uploads\/2026\/09\/3-150x150.jpeg\" alt=\"3\" \/><\/figure><\/div><div class=\"swiper-slide\"><figure class=\"swiper-slide-inner\"><img class=\"swiper-slide-image\" src=\"https:\/\/www.fi.uncoma.edu.ar\/wp-content\/uploads\/2026\/09\/4-150x150.jpeg\" alt=\"4\" \/><\/figure><\/div><div class=\"swiper-slide\"><figure class=\"swiper-slide-inner\"><img class=\"swiper-slide-image\" src=\"https:\/\/www.fi.uncoma.edu.ar\/wp-content\/uploads\/2026\/09\/6-150x150.jpeg\" alt=\"6\" \/><\/figure><\/div>\t\t\t<\/div>\n\t\t\t\t\t\t\t\t\t\t\t\t<div class=\"swiper-pagination\"><\/div>\n\t\t\t\t\t\t\t\t\t\t\t\t\t<div class=\"elementor-swiper-button elementor-swiper-button-prev\">\n\t\t\t\t\t\t<i aria-hidden=\"true\" class=\"eicon-chevron-left\"><\/i>\t\t\t\t\t\t<span class=\"elementor-screen-only\">Anterior<\/span>\n\t\t\t\t\t<\/div>\n\t\t\t\t\t<div class=\"elementor-swiper-button elementor-swiper-button-next\">\n\t\t\t\t\t\t<i aria-hidden=\"true\" class=\"eicon-chevron-right\"><\/i>\t\t\t\t\t\t<span class=\"elementor-screen-only\">Siguiente<\/span>\n\t\t\t\t\t<\/div>\n\t\t\t\t\t\t\t\t\t<\/div>\n\t\t\t\t<\/div>\n\t\t\t\t<\/div>\n\t\t\t\t\t<\/div>\n\t\t<\/div>\n\t\t\t\t\t\t\t<\/div>\n\t\t<\/section>\n\t\t\t\t\t\t\t<\/div>\n\t\t","protected":false},"excerpt":{"rendered":"<p>El pasado 29 de agosto  se celebr\u00f3 el cierre  de la primera cohorte de la Especializaci\u00f3n en Inteligencia de Datos Aplicada. dictada por la  Facultad de Inform\u00e1tica.<\/p>\n","protected":false},"author":8,"featured_media":31820,"comment_status":"closed","ping_status":"open","sticky":false,"template":"","format":"standard","meta":{"site-sidebar-layout":"default","site-content-layout":"default","ast-global-header-display":"","ast-main-header-display":"","ast-hfb-above-header-display":"","ast-hfb-below-header-display":"","ast-hfb-mobile-header-display":"","site-post-title":"","ast-breadcrumbs-content":"","ast-featured-img":"","footer-sml-layout":"","theme-transparent-header-meta":"","adv-header-id-meta":"","stick-header-meta":"","header-above-stick-meta":"","header-main-stick-meta":"","header-below-stick-meta":""},"categories":[3,33,107,108],"tags":[105,77],"uagb_featured_image_src":{"full":["https:\/\/www.fi.uncoma.edu.ar\/wp-content\/uploads\/2026\/09\/3.jpeg",1600,1204,false],"thumbnail":["https:\/\/www.fi.uncoma.edu.ar\/wp-content\/uploads\/2026\/09\/3-150x150.jpeg",150,150,true],"medium":["https:\/\/www.fi.uncoma.edu.ar\/wp-content\/uploads\/2026\/09\/3-300x226.jpeg",300,226,true],"medium_large":["https:\/\/www.fi.uncoma.edu.ar\/wp-content\/uploads\/2026\/09\/3-768x578.jpeg",768,578,true],"large":["https:\/\/www.fi.uncoma.edu.ar\/wp-content\/uploads\/2026\/09\/3-1024x771.jpeg",1024,771,true],"1536x1536":["https:\/\/www.fi.uncoma.edu.ar\/wp-content\/uploads\/2026\/09\/3-1536x1156.jpeg",1536,1156,true],"2048x2048":["https:\/\/www.fi.uncoma.edu.ar\/wp-content\/uploads\/2026\/09\/3.jpeg",1600,1204,false]},"uagb_author_info":{"display_name":"investigaci\u00f3n postgrado","author_link":"https:\/\/www.fi.uncoma.edu.ar\/index.php\/author\/investigacion_postgrado\/"},"uagb_comment_info":0,"uagb_excerpt":"El pasado 29 de agosto se celebr\u00f3 el cierre de la primera cohorte de la Especializaci\u00f3n en Inteligencia de Datos Aplicada. dictada por la Facultad de Inform\u00e1tica.","_links":{"self":[{"href":"https:\/\/www.fi.uncoma.edu.ar\/index.php\/wp-json\/wp\/v2\/posts\/31817"}],"collection":[{"href":"https:\/\/www.fi.uncoma.edu.ar\/index.php\/wp-json\/wp\/v2\/posts"}],"about":[{"href":"https:\/\/www.fi.uncoma.edu.ar\/index.php\/wp-json\/wp\/v2\/types\/post"}],"author":[{"embeddable":true,"href":"https:\/\/www.fi.uncoma.edu.ar\/index.php\/wp-json\/wp\/v2\/users\/8"}],"replies":[{"embeddable":true,"href":"https:\/\/www.fi.uncoma.edu.ar\/index.php\/wp-json\/wp\/v2\/comments?post=31817"}],"version-history":[{"count":4,"href":"https:\/\/www.fi.uncoma.edu.ar\/index.php\/wp-json\/wp\/v2\/posts\/31817\/revisions"}],"predecessor-version":[{"id":31827,"href":"https:\/\/www.fi.uncoma.edu.ar\/index.php\/wp-json\/wp\/v2\/posts\/31817\/revisions\/31827"}],"wp:featuredmedia":[{"embeddable":true,"href":"https:\/\/www.fi.uncoma.edu.ar\/index.php\/wp-json\/wp\/v2\/media\/31820"}],"wp:attachment":[{"href":"https:\/\/www.fi.uncoma.edu.ar\/index.php\/wp-json\/wp\/v2\/media?parent=31817"}],"wp:term":[{"taxonomy":"category","embeddable":true,"href":"https:\/\/www.fi.uncoma.edu.ar\/index.php\/wp-json\/wp\/v2\/categories?post=31817"},{"taxonomy":"post_tag","embeddable":true,"href":"https:\/\/www.fi.uncoma.edu.ar\/index.php\/wp-json\/wp\/v2\/tags?post=31817"}],"curies":[{"name":"wp","href":"https:\/\/api.w.org\/{rel}","templated":true}]}}