{"id":382,"date":"2012-09-07T09:13:40","date_gmt":"2012-09-07T09:13:40","guid":{"rendered":"http:\/\/ijandev-test.fi.uncoma.edu.ar\/Wordpress\/index.php\/2012\/09\/07\/defensa-tesis-rebeca\/"},"modified":"2022-02-06T22:06:45","modified_gmt":"2022-02-07T01:06:45","slug":"defensa-tesis-rebeca","status":"publish","type":"post","link":"https:\/\/www.fi.uncoma.edu.ar\/index.php\/novedades\/defensa-tesis-rebeca\/","title":{"rendered":"Defensa de Tesis de Licenciatura: Rebeca Fern\u00e1ndez"},"content":{"rendered":"<div>\n<h3 style=\"text-align: center;\">Defensa de Tesis de Licenciatura de Rebeca Fern\u00e1ndez<\/h3>\n<\/div>\n<p>Se invita a la Comunidad Educativa de la FaI a presenciar la defensa de Tesis de Licenciatura\u00a0titulada <strong>\u00ab<\/strong><span id=\":1se\" dir=\"ltr\"> <\/span><strong>Evaluaci\u00f3n de Accesibilidad Web de los sitios de la Zona del Comahue para Discapacitados Visuales\u00bb<\/strong>.<\/p>\n<p><strong>D\u00eda<\/strong>:\u00a0 Martes 18 de septiembre\u00a0 de 2012<\/p>\n<p><strong>Horario<\/strong>: 14 hs<\/p>\n<p><strong>Lugar<\/strong>:\u00a0 Sal\u00f3n Azul &#8211; Biblioteca Central (1\u00ba piso)<\/p>\n<p><strong>Tesista<\/strong>: Rebeca Laura Fern\u00e1ndez<\/p>\n<p><strong>Directores<\/strong>: Dra. Adriana Mart\u00edn y Mg. Juan Luzuriaga<\/p>\n<p><strong>Resumen<\/strong>:<\/p>\n<p style=\"text-align: justify;\">En los \u00faltimos a\u00f1os Internet se ha convertido en uno de los principales recursos del mundo moderno, dirigiendo el planeta al comp\u00e1s de las evoluciones t\u00e9cnicas,<br \/>promoviendo las comunicaciones y transformando la mec\u00e1nica en que las personas buscan bienes y servicios en la vida cotidiana. Por lo tanto, los sitios Web deben estar dise\u00f1ados con las caracter\u00edsticas y principios\u00a0 requeridos que permitan calificarlos como \u201caccesibles\u201d, para que todos los usuarios puedan acceder en condiciones de igualdad al contenido Web.<br \/>Actualmente, la mayor\u00eda de los sitios Web presentan \u201cbarreras de accesibilidad\u201d, lo que dificulta o imposibilita la utilizaci\u00f3n de la Web para muchas personas con discapacidad. As\u00ed, han surgido asociaciones y organizaciones con objetivos tales como guiar a la Web hacia su m\u00e1ximo potencial a trav\u00e9s del desarrollo de protocolos y pautas que aseguren su crecimiento futuro y que la hagan accesible para todos. El World Wide Web Consortium (W3C) busca alcanzar este objetivo principalmente, a trav\u00e9s de la creaci\u00f3n de est\u00e1ndares y pautas para la Web de libre uso. Una de esas pautas son las gu\u00edas de accesibilidad denominadas Web Content Accessibility Guidelines (WCAG 1.0), las cuales son consideradas en muchos pa\u00edses como normas \u201cde facto\u201d, y citadas por la mayor\u00eda de las legislaciones sobre Tecnolog\u00edas de la Informaci\u00f3n y Comunicaci\u00f3n de todo el mundo.<br \/>Nuestro trabajo fija su objetivo en proponer una t\u00e9cnica para evaluar la accesibilidad de las p\u00e1ginas Web desde la perspectiva de los usuarios no videntes. Para alcanzarlo, trabajamos sobre las barreras de accesibilidad que impactan en las personas no videntes cuando navegan en la Web, para luego identificarlas en los sitos Web gubernamentales y\/o p\u00fablicos de la zona del Comahue. De esta manera, proveemos un diagn\u00f3stico sobre el grado de accesibilidad ofrecido en esta regi\u00f3n a los usuarios con discapacidades visuales. Para ayudarnos en esta tarea, aplicamos el m\u00e9todo de evaluaci\u00f3n de accesibilidad de Giorgio Brajnik denominado \u201cBarrier Walkthrough\u201d y enfocamos los esfuerzos en los puntos de verificaci\u00f3n de la WCAG 1.0 espec\u00edficos para discapacidades visuales. Luego, estos puntos de verificaci\u00f3n los utilizamos para ajustar la herramienta de evaluaci\u00f3n TAW, la cual nos provey\u00f3 de la informaci\u00f3n necesaria para estudiar el grado de accesibilidad y conformidad a la WCAG 1.0 de los sitios Web bajo an\u00e1lisis.<br \/>Adem\u00e1s del hecho de entregar una propuesta de evaluaci\u00f3n de la accesibilidad con resultados t\u00e9cnicos y pr\u00e1cticos, este trabajo nos invita a reflexionar sobre la necesidad de crear \u201cconciencia de accesibilidad\u201d en toda la sociedad, incitando a los organismos del Estado y a los responsables del dise\u00f1o y desarrollo de sitios Web a contribuir en la construcci\u00f3n de una \u201cNube Inclusiva por Todos y para Todos\u201d.<\/p>\n<p>Descargar Abstract [<a href=\"images\/novedades\/tesis\/resumenfernandez.pdf\" target=\"_blank\" rel=\"noopener\">pdf<\/a>]<\/p>\n<div>\n<p>\u00a0<\/p>\n<p><em>(No se permitir\u00e1 la entrada de p\u00fablico una vez iniciada la exposici\u00f3n)<\/em><\/p>\n<\/div>\n","protected":false},"excerpt":{"rendered":"<p>Defensa de Tesis de Licenciatura de Rebeca Fern\u00e1ndez Se invita a la Comunidad Educativa de la FaI a presenciar la defensa de Tesis de Licenciatura\u00a0titulada \u00ab Evaluaci\u00f3n de Accesibilidad Web de los sitios de la Zona del Comahue para Discapacitados Visuales\u00bb. D\u00eda:\u00a0 Martes 18 de septiembre\u00a0 de 2012 Horario: 14 hs Lugar:\u00a0 Sal\u00f3n Azul &#8211; &hellip;<\/p>\n<p class=\"read-more\"> <a class=\"\" href=\"https:\/\/www.fi.uncoma.edu.ar\/index.php\/novedades\/defensa-tesis-rebeca\/\"> <span class=\"screen-reader-text\">Defensa de Tesis de Licenciatura: Rebeca Fern\u00e1ndez<\/span> Leer m\u00e1s &raquo;<\/a><\/p>\n","protected":false},"author":1,"featured_media":0,"comment_status":"closed","ping_status":"open","sticky":false,"template":"","format":"standard","meta":{"site-sidebar-layout":"default","site-content-layout":"default","ast-global-header-display":"","ast-main-header-display":"","ast-hfb-above-header-display":"","ast-hfb-below-header-display":"","ast-hfb-mobile-header-display":"","site-post-title":"","ast-breadcrumbs-content":"","ast-featured-img":"","footer-sml-layout":"","theme-transparent-header-meta":"","adv-header-id-meta":"","stick-header-meta":"","header-above-stick-meta":"","header-main-stick-meta":"","header-below-stick-meta":""},"categories":[3],"tags":[],"uagb_featured_image_src":{"full":false,"thumbnail":false,"medium":false,"medium_large":false,"large":false,"1536x1536":false,"2048x2048":false},"uagb_author_info":{"display_name":"ufai","author_link":"https:\/\/www.fi.uncoma.edu.ar\/index.php\/author\/ufai\/"},"uagb_comment_info":0,"uagb_excerpt":"Defensa de Tesis de Licenciatura de Rebeca Fern\u00e1ndez Se invita a la Comunidad Educativa de la FaI a presenciar la defensa de Tesis de Licenciatura\u00a0titulada \u00ab Evaluaci\u00f3n de Accesibilidad Web de los sitios de la Zona del Comahue para Discapacitados Visuales\u00bb. D\u00eda:\u00a0 Martes 18 de septiembre\u00a0 de 2012 Horario: 14 hs Lugar:\u00a0 Sal\u00f3n Azul &#8211;&hellip;","_links":{"self":[{"href":"https:\/\/www.fi.uncoma.edu.ar\/index.php\/wp-json\/wp\/v2\/posts\/382"}],"collection":[{"href":"https:\/\/www.fi.uncoma.edu.ar\/index.php\/wp-json\/wp\/v2\/posts"}],"about":[{"href":"https:\/\/www.fi.uncoma.edu.ar\/index.php\/wp-json\/wp\/v2\/types\/post"}],"author":[{"embeddable":true,"href":"https:\/\/www.fi.uncoma.edu.ar\/index.php\/wp-json\/wp\/v2\/users\/1"}],"replies":[{"embeddable":true,"href":"https:\/\/www.fi.uncoma.edu.ar\/index.php\/wp-json\/wp\/v2\/comments?post=382"}],"version-history":[{"count":1,"href":"https:\/\/www.fi.uncoma.edu.ar\/index.php\/wp-json\/wp\/v2\/posts\/382\/revisions"}],"predecessor-version":[{"id":8155,"href":"https:\/\/www.fi.uncoma.edu.ar\/index.php\/wp-json\/wp\/v2\/posts\/382\/revisions\/8155"}],"wp:attachment":[{"href":"https:\/\/www.fi.uncoma.edu.ar\/index.php\/wp-json\/wp\/v2\/media?parent=382"}],"wp:term":[{"taxonomy":"category","embeddable":true,"href":"https:\/\/www.fi.uncoma.edu.ar\/index.php\/wp-json\/wp\/v2\/categories?post=382"},{"taxonomy":"post_tag","embeddable":true,"href":"https:\/\/www.fi.uncoma.edu.ar\/index.php\/wp-json\/wp\/v2\/tags?post=382"}],"curies":[{"name":"wp","href":"https:\/\/api.w.org\/{rel}","templated":true}]}}