{"id":464,"date":"2011-05-25T00:34:35","date_gmt":"2011-05-25T00:34:35","guid":{"rendered":"http:\/\/ijandev-test.fi.uncoma.edu.ar\/Wordpress\/index.php\/2011\/05\/25\/ix-semana-de-la-ciencia-y-la-tecnologia\/"},"modified":"2022-02-06T22:05:37","modified_gmt":"2022-02-07T01:05:37","slug":"ix-semana-de-la-ciencia-y-la-tecnologia","status":"publish","type":"post","link":"https:\/\/www.fi.uncoma.edu.ar\/index.php\/novedades\/ix-semana-de-la-ciencia-y-la-tecnologia\/","title":{"rendered":"IX Semana de la Ciencia y la Tecnolog\u00eda"},"content":{"rendered":"<h3 style=\"text-align: center;\">Charla orientada a nivel medio en el marco de la IX Semana de la Ciencia y la Tecnolog\u00eda<\/h3>\n<p>\u00a0<\/p>\n<p style=\"text-align: center;\">Organizada  por\u00a0 la Secretar\u00eda de  Planeamiento y Pol\u00edticas del Ministerio de  Ciencia , Tecnolog\u00eda e Inovaci\u00f3n Productiva &#8211; Presidencia de la Naci\u00f3n.<\/p>\n<p style=\"text-align: center;\">El objetivo de la charla es introducir a los participantes a la Inteligencia Artificial, moestrando el uso de sus t\u00e9cnicas en dos de las aplicaciones m\u00e1s motivantes: la rob\u00f3tica e internet.<\/p>\n<p>\u00a0<\/p>\n<p style=\"margin-bottom: 0cm; padding-left: 60px;\"><strong>Titulo de la Charla:<\/strong>Rob\u00f3tica y la Web con Inteligencia Artificial<\/p>\n<p style=\"margin-bottom: 0cm; padding-left: 60px;\"><strong>P\u00fablico al que va dirigida la actividad:<\/strong> Nivel Secundario<\/p>\n<p style=\"margin-bottom: 0cm; padding-left: 60px;\"><strong>Disertantes:<\/strong> Cecchi-Roger<\/p>\n<p style=\"margin-bottom: 0cm; padding-left: 60px;\"><strong>Fecha: <\/strong>16-06-2011<br \/> <strong>Hora: <\/strong>14:00<br \/> <strong>Duraci\u00f3n: <\/strong>02:00<br \/> <strong>\u00c1rea: <\/strong> Ciencias de la Inform\u00e1tica, Rob\u00f3tica, TIC   \t\t\t\t\t   \t\t\t\t\t   \t\t\t\t\t    \t\t\t                       <br \/> <strong>Lugar: <\/strong>Sal\u00f3n Azul de la Biblioteca de la Universidad Nacional del Comahue &#8211; Buenos Aires 1400 (8300) Neuqu\u00e9n<br \/> <strong>Localidad: <\/strong>Neuqu\u00e9n <strong>Provincia: <\/strong>Neuqu\u00e9n<\/p>\n<p style=\"margin-bottom: 0cm;\"><strong><br \/><\/strong><\/p>\n<p style=\"margin-bottom: 0cm; padding-left: 60px;\"><strong>Facultad de Informatica<\/strong><\/p>\n<p style=\"margin-bottom: 0cm;\"><strong><br \/><\/strong><\/p>\n<p style=\"margin-bottom: 0cm;\">\u00a0<\/p>\n<p style=\"margin-bottom: 0cm;\">M\u00e1s informaci\u00f3n en <a href=\"http:\/\/www.semanadelaciencia.mincyt.gov.ar\/\" target=\"_blank\" rel=\"noopener\">http:\/\/www.semanadelaciencia.mincyt.gov.ar\/ <\/a><\/p>\n","protected":false},"excerpt":{"rendered":"<p>Charla orientada a nivel medio en el marco de la IX Semana de la Ciencia y la Tecnolog\u00eda \u00a0 Organizada por\u00a0 la Secretar\u00eda de Planeamiento y Pol\u00edticas del Ministerio de Ciencia , Tecnolog\u00eda e Inovaci\u00f3n Productiva &#8211; Presidencia de la Naci\u00f3n. El objetivo de la charla es introducir a los participantes a la Inteligencia Artificial, &hellip;<\/p>\n<p class=\"read-more\"> <a class=\"\" href=\"https:\/\/www.fi.uncoma.edu.ar\/index.php\/novedades\/ix-semana-de-la-ciencia-y-la-tecnologia\/\"> <span class=\"screen-reader-text\">IX Semana de la Ciencia y la Tecnolog\u00eda<\/span> Leer m\u00e1s &raquo;<\/a><\/p>\n","protected":false},"author":1,"featured_media":0,"comment_status":"closed","ping_status":"open","sticky":false,"template":"","format":"standard","meta":{"site-sidebar-layout":"default","site-content-layout":"default","ast-global-header-display":"","ast-main-header-display":"","ast-hfb-above-header-display":"","ast-hfb-below-header-display":"","ast-hfb-mobile-header-display":"","site-post-title":"","ast-breadcrumbs-content":"","ast-featured-img":"","footer-sml-layout":"","theme-transparent-header-meta":"","adv-header-id-meta":"","stick-header-meta":"","header-above-stick-meta":"","header-main-stick-meta":"","header-below-stick-meta":""},"categories":[3],"tags":[],"uagb_featured_image_src":{"full":false,"thumbnail":false,"medium":false,"medium_large":false,"large":false,"1536x1536":false,"2048x2048":false},"uagb_author_info":{"display_name":"ufai","author_link":"https:\/\/www.fi.uncoma.edu.ar\/index.php\/author\/ufai\/"},"uagb_comment_info":0,"uagb_excerpt":"Charla orientada a nivel medio en el marco de la IX Semana de la Ciencia y la Tecnolog\u00eda \u00a0 Organizada por\u00a0 la Secretar\u00eda de Planeamiento y Pol\u00edticas del Ministerio de Ciencia , Tecnolog\u00eda e Inovaci\u00f3n Productiva &#8211; Presidencia de la Naci\u00f3n. El objetivo de la charla es introducir a los participantes a la Inteligencia Artificial,&hellip;","_links":{"self":[{"href":"https:\/\/www.fi.uncoma.edu.ar\/index.php\/wp-json\/wp\/v2\/posts\/464"}],"collection":[{"href":"https:\/\/www.fi.uncoma.edu.ar\/index.php\/wp-json\/wp\/v2\/posts"}],"about":[{"href":"https:\/\/www.fi.uncoma.edu.ar\/index.php\/wp-json\/wp\/v2\/types\/post"}],"author":[{"embeddable":true,"href":"https:\/\/www.fi.uncoma.edu.ar\/index.php\/wp-json\/wp\/v2\/users\/1"}],"replies":[{"embeddable":true,"href":"https:\/\/www.fi.uncoma.edu.ar\/index.php\/wp-json\/wp\/v2\/comments?post=464"}],"version-history":[{"count":1,"href":"https:\/\/www.fi.uncoma.edu.ar\/index.php\/wp-json\/wp\/v2\/posts\/464\/revisions"}],"predecessor-version":[{"id":7927,"href":"https:\/\/www.fi.uncoma.edu.ar\/index.php\/wp-json\/wp\/v2\/posts\/464\/revisions\/7927"}],"wp:attachment":[{"href":"https:\/\/www.fi.uncoma.edu.ar\/index.php\/wp-json\/wp\/v2\/media?parent=464"}],"wp:term":[{"taxonomy":"category","embeddable":true,"href":"https:\/\/www.fi.uncoma.edu.ar\/index.php\/wp-json\/wp\/v2\/categories?post=464"},{"taxonomy":"post_tag","embeddable":true,"href":"https:\/\/www.fi.uncoma.edu.ar\/index.php\/wp-json\/wp\/v2\/tags?post=464"}],"curies":[{"name":"wp","href":"https:\/\/api.w.org\/{rel}","templated":true}]}}