{"id":540,"date":"2017-03-03T17:43:00","date_gmt":"2017-03-03T17:43:00","guid":{"rendered":"http:\/\/ijandev-test.fi.uncoma.edu.ar\/Wordpress\/index.php\/2017\/03\/03\/staff-administrativo\/"},"modified":"2022-08-11T14:16:54","modified_gmt":"2022-08-11T17:16:54","slug":"staff-administrativo","status":"publish","type":"post","link":"https:\/\/www.fi.uncoma.edu.ar\/index.php\/institucional\/staff-administrativo\/","title":{"rendered":"Staff T\u00e9cnico y Administrativo"},"content":{"rendered":"\t\t<div data-elementor-type=\"wp-post\" data-elementor-id=\"540\" class=\"elementor elementor-540\">\n\t\t\t\t\t\t\t\t\t<section class=\"elementor-section elementor-top-section elementor-element elementor-element-581c5cf5 elementor-section-boxed elementor-section-height-default elementor-section-height-default\" data-id=\"581c5cf5\" data-element_type=\"section\">\n\t\t\t\t\t\t<div class=\"elementor-container elementor-column-gap-default\">\n\t\t\t\t\t<div class=\"elementor-column elementor-col-100 elementor-top-column elementor-element elementor-element-44d0a1bd\" data-id=\"44d0a1bd\" data-element_type=\"column\">\n\t\t\t<div class=\"elementor-widget-wrap elementor-element-populated\">\n\t\t\t\t\t\t\t\t<div class=\"elementor-element elementor-element-50cbd36e elementor-widget elementor-widget-text-editor\" data-id=\"50cbd36e\" data-element_type=\"widget\" data-widget_type=\"text-editor.default\">\n\t\t\t\t<div class=\"elementor-widget-container\">\n\t\t\t<style>\/*! elementor - v3.6.7 - 03-07-2022 *\/\n.elementor-widget-text-editor.elementor-drop-cap-view-stacked .elementor-drop-cap{background-color:#818a91;color:#fff}.elementor-widget-text-editor.elementor-drop-cap-view-framed .elementor-drop-cap{color:#818a91;border:3px solid;background-color:transparent}.elementor-widget-text-editor:not(.elementor-drop-cap-view-default) .elementor-drop-cap{margin-top:8px}.elementor-widget-text-editor:not(.elementor-drop-cap-view-default) .elementor-drop-cap-letter{width:1em;height:1em}.elementor-widget-text-editor .elementor-drop-cap{float:left;text-align:center;line-height:1;font-size:50px}.elementor-widget-text-editor .elementor-drop-cap-letter{display:inline-block}<\/style>\t\t\t\t<ul><li><strong>Decanato<\/strong><ul><li><strong>Secretaria Privada de Decanato<\/strong><br \/>T\u00e9c. In\u00e9s Reutemann<br \/>Tel\u00e9fono: 0299-4490300 &#8211; Int. 646<br \/><a href=\"mailto:inesreutemann@fi.uncoma.edu.ar\" target=\"_blank\" rel=\"noopener\"><img loading=\"lazy\" class=\" size-full wp-image-13\" style=\"border: 0;\" src=\"http:\/\/ijandev-test.fi.uncoma.edu.ar\/Wordpress\/wp-content\/uploads\/2012\/06\/email_link.png\" alt=\"email\" width=\"25\" height=\"15\" border=\"0\" \/><\/a><\/li><\/ul><\/li><\/ul><ul><li><strong>Consejo Directivo<\/strong><ul><li><strong>Secretaria de Consejo Directivo<\/strong><br \/>Valeria Vortisch<br \/>Tel\u00e9fono: 0299-4490300\u00a0&#8211; Int. 646<br \/><a href=\"mailto:valeria.vortisch@fi.uncoma.edu.ar\" target=\"_blank\" rel=\"noopener\"><img loading=\"lazy\" class=\" size-full wp-image-13\" style=\"border: 0px;\" src=\"http:\/\/ijandev-test.fi.uncoma.edu.ar\/Wordpress\/wp-content\/uploads\/2012\/06\/email_link.png\" alt=\"email\" width=\"25\" height=\"15\" border=\"0\" \/><\/a><\/li><\/ul><\/li><\/ul><ul><li><strong>Acad\u00e9mica <\/strong><ul><li><strong>A cargo de Direcci\u00f3n de Administraci\u00f3n Acad\u00e9mica<\/strong><br \/>Anl. Comp. Viviana Pedrero<br \/>Tel\u00e9fono: 0299-4490300 &#8211; Int. 652<br \/><a href=\"mailto:viviana.pedrero@fi.uncoma.edu.ar\" target=\"_blank\" rel=\"noopener\"><img loading=\"lazy\" class=\" size-full wp-image-13\" style=\"border: 0;\" src=\"http:\/\/ijandev-test.fi.uncoma.edu.ar\/Wordpress\/wp-content\/uploads\/2012\/06\/email_link.png\" alt=\"email\" width=\"25\" height=\"15\" border=\"0\" \/><\/a><\/li><li><strong>A cargo de Jefatura de Departamento de Alumnos<\/strong><br \/>Anl. Comp.\u00a0Claudia Valente<br \/>Tel\u00e9fono: 0299-4490300 &#8211; Int. 652<br \/><a href=\"mailto:claudia.valente@fi.uncoma.edu.ar\" target=\"_blank\" rel=\"noopener\"><img loading=\"lazy\" class=\" size-full wp-image-13\" style=\"border: 0;\" src=\"http:\/\/ijandev-test.fi.uncoma.edu.ar\/Wordpress\/wp-content\/uploads\/2012\/06\/email_link.png\" alt=\"email\" width=\"25\" height=\"15\" border=\"0\" \/><\/a><\/li><li><strong>A cargo de \u00c1rea de Inscripciones y Legajos &#8211; Bedel\u00eda<br \/><\/strong>Claudio Garc\u00eda<br \/>Tel\u00e9fono: 0299-4490300 &#8211; Int. 433<a href=\"mailto:claudio.garcia@fi.uncoma.edu.ar\" target=\"_blank\" rel=\"noopener\"><br \/><img loading=\"lazy\" class=\" size-full wp-image-13\" style=\"border: 0;\" src=\"http:\/\/ijandev-test.fi.uncoma.edu.ar\/Wordpress\/wp-content\/uploads\/2012\/06\/email_link.png\" alt=\"email\" width=\"25\" height=\"15\" border=\"0\" \/><\/a><\/li><li><strong>Atenci\u00f3n de Alumnos<br \/><\/strong>Mar\u00eda Eugenia Fontana<br \/>Tel\u00e9fono: 0299-4490300 &#8211; Int. 433<a href=\"mailto:meugenia.fontana@fi.uncoma.edu.ar\" target=\"_blank\" rel=\"noopener\"><br \/><img loading=\"lazy\" class=\" size-full wp-image-13\" style=\"border: 0px none;\" src=\"http:\/\/ijandev-test.fi.uncoma.edu.ar\/Wordpress\/wp-content\/uploads\/2012\/06\/email_link.png\" alt=\"email\" width=\"25\" height=\"15\" border=\"0\" \/><\/a><\/li><\/ul><\/li><\/ul><ul><li><strong>Investigaci\u00f3n y Postgrado<\/strong><ul><li><strong>Auxiliar Administrativa<br \/><\/strong>Tec. Romina Tealdi<br \/>Tel\u00e9fono: 0299-4490300 &#8211; Int. 644<br \/><a href=\"mailto:romina.tealdi@fi.uncoma.edu.ar\" target=\"_blank\" rel=\"noopener\"><img loading=\"lazy\" class=\" size-full wp-image-13\" style=\"border: 0;\" src=\"http:\/\/ijandev-test.fi.uncoma.edu.ar\/Wordpress\/wp-content\/uploads\/2012\/06\/email_link.png\" alt=\"email\" width=\"25\" height=\"15\" border=\"0\" \/><\/a><\/li><li><strong>Auxiliar Administrativa<br \/><\/strong>Lic. Maria Micaela Malaspina<br \/>Tel\u00e9fono: 0299-4490300 &#8211; Int. 644<br \/><a href=\"mailto:micaela.malaspina@fi.uncoma.edu.ar\" target=\"_blank\" rel=\"noopener\"><img loading=\"lazy\" class=\"alignnone wp-image-13 size-full\" style=\"border: 0;\" src=\"http:\/\/www.fi.uncoma.edu.ar\/wp-content\/uploads\/2012\/06\/email_link.png\" alt=\"email\" width=\"34\" height=\"26\" border=\"0\" \/><\/a><\/li><\/ul><\/li><\/ul><ul><li><strong>Extensi\u00f3n<\/strong><ul><li><strong>Auxiliar Administrativa<br \/><\/strong>Lic. Valeria Rotter<br \/>Tel\u00e9fono: 0299-4490300 &#8211; Int. 644<br \/><a href=\"mailto:valeria.rotter@fi.uncoma.edu.ar\" target=\"_blank\" rel=\"noopener\"><img loading=\"lazy\" class=\" size-full wp-image-13\" src=\"http:\/\/ijandev-test.fi.uncoma.edu.ar\/Wordpress\/wp-content\/uploads\/2012\/06\/email_link.png\" alt=\"email\" width=\"25\" height=\"15\" border=\"0\" \/><\/a><\/li><\/ul><\/li><\/ul><ul><li><strong>Gesti\u00f3n Administrativa<\/strong><ul><li><strong>Direcci\u00f3n de Gesti\u00f3n Administrativa<br \/><\/strong>Lic. Walter Del Balzo<br \/>Tel\u00e9fono: 0299-4490300 &#8211; Int. 326<br \/><a href=\"mailto:wdbalzo@fi.uncoma.edu.ar\" target=\"_blank\" rel=\"noopener\"><img loading=\"lazy\" class=\" size-full wp-image-13\" style=\"border: 0px;\" src=\"http:\/\/ijandev-test.fi.uncoma.edu.ar\/Wordpress\/wp-content\/uploads\/2012\/06\/email_link.png\" alt=\"email\" width=\"25\" height=\"15\" border=\"0\" \/><\/a><\/li><li><strong>Auxiliar Administrativa<br \/><\/strong>Lic. Pilmaiquen Garcia<br \/>Tel\u00e9fono: 0299-4490300 &#8211; Int. 326<br \/><a href=\"mailto:pilmaiquen.garcia@fi.uncoma.edu.ar\" target=\"_blank\" rel=\"noopener\"><img loading=\"lazy\" class=\"alignnone wp-image-13 size-full\" style=\"border: 0;\" src=\"http:\/\/www.fi.uncoma.edu.ar\/wp-content\/uploads\/2012\/06\/email_link.png\" alt=\"email\" width=\"34\" height=\"26\" border=\"0\" \/><\/a><\/li><li><strong><strong>Departamento de Recursos Humanos<\/strong><br \/><\/strong>Tec. Natalia Rodriguez<br \/>Tel\u00e9fono: 0299-4490300 &#8211; Int. 408<br \/><a href=\"mailto:recursoshumanos@fi.uncoma.edu.ar\" target=\"_blank\" rel=\"noopener\"><img loading=\"lazy\" class=\" size-full wp-image-13\" style=\"border: 0px none;\" src=\"http:\/\/ijandev-test.fi.uncoma.edu.ar\/Wordpress\/wp-content\/uploads\/2012\/06\/email_link.png\" alt=\"email\" width=\"25\" height=\"15\" border=\"0\" \/><\/a><\/li><li><strong><strong>A cargo de \u00c1rea de Mantenimiento<\/strong><br \/><\/strong>Tec. Fernando P\u00e9rez<br \/>Tel\u00e9fono: 0299-4490300 &#8211; Int. 408<br \/><a href=\"mailto:fernando.perez@fi.uncoma.edu.ar\" target=\"_blank\" rel=\"noopener\"><img loading=\"lazy\" class=\" size-full wp-image-13\" style=\"border: 0px none;\" src=\"http:\/\/ijandev-test.fi.uncoma.edu.ar\/Wordpress\/wp-content\/uploads\/2012\/06\/email_link.png\" alt=\"email\" width=\"25\" height=\"15\" border=\"0\" \/><\/a><\/li><\/ul><\/li><\/ul><ul><li><strong>Tecnolog\u00edas de la Informaci\u00f3n y Comunicaci\u00f3n<\/strong><ul><li><strong>A cargo de Tecnolog\u00edas de la Informaci\u00f3n y Comunicaci\u00f3n<br \/><\/strong>Anl. Comp. Luis Coralle<br \/>Tel\u00e9fono: 0299-4490300 &#8211; Int. 647<br \/><a href=\"mailto:luiscoralle@fi.uncoma.edu.ar\"><img loading=\"lazy\" class=\" size-full wp-image-13\" style=\"border: 0;\" src=\"http:\/\/ijandev-test.fi.uncoma.edu.ar\/Wordpress\/wp-content\/uploads\/2012\/06\/email_link.png\" alt=\"email\" width=\"25\" height=\"15\" border=\"0\" \/><\/a><\/li><li><strong style=\"font-family: Verdana, sans-serif; font-size: 12px; color: #444444;\">T\u00e9cnico Inform\u00e1tico<\/strong><br style=\"color: #222222; font-family: Arial, Helvetica, sans-serif; font-size: small;\" \/><div>Anl. Comp. Alejandro Mora<\/div><p>Tel\u00e9fono: 0299-4490300 &#8211; Int. 648<span style=\"font-family: Verdana, sans-serif; font-size: 12px;\"><span style=\"color: #0000ff;\"><br \/><a href=\"mailto:alejandro.mora@fi.uncoma.edu.ar\"><img loading=\"lazy\" class=\" size-full wp-image-13\" src=\"http:\/\/ijandev-test.fi.uncoma.edu.ar\/Wordpress\/wp-content\/uploads\/2012\/06\/email_link.png\" alt=\"email\" width=\"25\" height=\"15\" border=\"0\" \/><\/a><br \/><\/span><\/span><\/p><\/li><\/ul><\/li><\/ul>\t\t\t\t\t\t<\/div>\n\t\t\t\t<\/div>\n\t\t\t\t\t<\/div>\n\t\t<\/div>\n\t\t\t\t\t\t\t<\/div>\n\t\t<\/section>\n\t\t\t\t\t\t\t<\/div>\n\t\t","protected":false},"excerpt":{"rendered":"<p>Decanato Secretaria Privada de DecanatoT\u00e9c. In\u00e9s ReutemannTel\u00e9fono: 0299-4490300 &#8211; Int. 646 Consejo Directivo Secretaria de Consejo DirectivoValeria VortischTel\u00e9fono: 0299-4490300\u00a0&#8211; Int. 646 Acad\u00e9mica A cargo de Direcci\u00f3n de Administraci\u00f3n Acad\u00e9micaAnl. Comp. Viviana PedreroTel\u00e9fono: 0299-4490300 &#8211; Int. 652 A cargo de Jefatura de Departamento de AlumnosAnl. Comp.\u00a0Claudia ValenteTel\u00e9fono: 0299-4490300 &#8211; Int. 652 A cargo de \u00c1rea de &hellip;<\/p>\n<p class=\"read-more\"> <a class=\"\" href=\"https:\/\/www.fi.uncoma.edu.ar\/index.php\/institucional\/staff-administrativo\/\"> <span class=\"screen-reader-text\">Staff T\u00e9cnico y Administrativo<\/span> Leer m\u00e1s &raquo;<\/a><\/p>\n","protected":false},"author":1,"featured_media":0,"comment_status":"closed","ping_status":"open","sticky":false,"template":"","format":"standard","meta":{"site-sidebar-layout":"default","site-content-layout":"default","ast-global-header-display":"","ast-main-header-display":"","ast-hfb-above-header-display":"","ast-hfb-below-header-display":"","ast-hfb-mobile-header-display":"","site-post-title":"","ast-breadcrumbs-content":"","ast-featured-img":"","footer-sml-layout":"","theme-transparent-header-meta":"","adv-header-id-meta":"","stick-header-meta":"","header-above-stick-meta":"","header-main-stick-meta":"","header-below-stick-meta":""},"categories":[4],"tags":[],"uagb_featured_image_src":{"full":false,"thumbnail":false,"medium":false,"medium_large":false,"large":false,"1536x1536":false,"2048x2048":false},"uagb_author_info":{"display_name":"ufai","author_link":"https:\/\/www.fi.uncoma.edu.ar\/index.php\/author\/ufai\/"},"uagb_comment_info":0,"uagb_excerpt":"Decanato Secretaria Privada de DecanatoT\u00e9c. In\u00e9s ReutemannTel\u00e9fono: 0299-4490300 &#8211; Int. 646 Consejo Directivo Secretaria de Consejo DirectivoValeria VortischTel\u00e9fono: 0299-4490300\u00a0&#8211; Int. 646 Acad\u00e9mica A cargo de Direcci\u00f3n de Administraci\u00f3n Acad\u00e9micaAnl. Comp. Viviana PedreroTel\u00e9fono: 0299-4490300 &#8211; Int. 652 A cargo de Jefatura de Departamento de AlumnosAnl. Comp.\u00a0Claudia ValenteTel\u00e9fono: 0299-4490300 &#8211; Int. 652 A cargo de \u00c1rea de&hellip;","_links":{"self":[{"href":"https:\/\/www.fi.uncoma.edu.ar\/index.php\/wp-json\/wp\/v2\/posts\/540"}],"collection":[{"href":"https:\/\/www.fi.uncoma.edu.ar\/index.php\/wp-json\/wp\/v2\/posts"}],"about":[{"href":"https:\/\/www.fi.uncoma.edu.ar\/index.php\/wp-json\/wp\/v2\/types\/post"}],"author":[{"embeddable":true,"href":"https:\/\/www.fi.uncoma.edu.ar\/index.php\/wp-json\/wp\/v2\/users\/1"}],"replies":[{"embeddable":true,"href":"https:\/\/www.fi.uncoma.edu.ar\/index.php\/wp-json\/wp\/v2\/comments?post=540"}],"version-history":[{"count":9,"href":"https:\/\/www.fi.uncoma.edu.ar\/index.php\/wp-json\/wp\/v2\/posts\/540\/revisions"}],"predecessor-version":[{"id":18447,"href":"https:\/\/www.fi.uncoma.edu.ar\/index.php\/wp-json\/wp\/v2\/posts\/540\/revisions\/18447"}],"wp:attachment":[{"href":"https:\/\/www.fi.uncoma.edu.ar\/index.php\/wp-json\/wp\/v2\/media?parent=540"}],"wp:term":[{"taxonomy":"category","embeddable":true,"href":"https:\/\/www.fi.uncoma.edu.ar\/index.php\/wp-json\/wp\/v2\/categories?post=540"},{"taxonomy":"post_tag","embeddable":true,"href":"https:\/\/www.fi.uncoma.edu.ar\/index.php\/wp-json\/wp\/v2\/tags?post=540"}],"curies":[{"name":"wp","href":"https:\/\/api.w.org\/{rel}","templated":true}]}}