{"id":58,"date":"2014-05-09T00:00:00","date_gmt":"2014-05-09T00:00:00","guid":{"rendered":"http:\/\/ijandev-test.fi.uncoma.edu.ar\/Wordpress\/index.php\/2014\/05\/09\/acto-de-jura-y-colacion-de-grados-mayo-2014\/"},"modified":"2022-02-06T22:08:51","modified_gmt":"2022-02-07T01:08:51","slug":"acto-de-jura-y-colacion-de-grados-mayo-2014","status":"publish","type":"post","link":"https:\/\/www.fi.uncoma.edu.ar\/index.php\/academica\/colaciones-de-grado\/acto-de-jura-y-colacion-de-grados-mayo-2014\/","title":{"rendered":"Acto de Jura y Colaci\u00f3n de Grados &#8211; Mayo 2014"},"content":{"rendered":"\t\t<div data-elementor-type=\"wp-post\" data-elementor-id=\"58\" class=\"elementor elementor-58\">\n\t\t\t\t\t\t\t\t\t<section class=\"elementor-section elementor-top-section elementor-element elementor-element-5fdbc559 elementor-section-boxed elementor-section-height-default elementor-section-height-default\" data-id=\"5fdbc559\" data-element_type=\"section\">\n\t\t\t\t\t\t<div class=\"elementor-container elementor-column-gap-default\">\n\t\t\t\t\t<div class=\"elementor-column elementor-col-100 elementor-top-column elementor-element elementor-element-380b56d6\" data-id=\"380b56d6\" data-element_type=\"column\">\n\t\t\t<div class=\"elementor-widget-wrap elementor-element-populated\">\n\t\t\t\t\t\t\t\t<div class=\"elementor-element elementor-element-76ff5eaa elementor-widget elementor-widget-text-editor\" data-id=\"76ff5eaa\" data-element_type=\"widget\" data-widget_type=\"text-editor.default\">\n\t\t\t\t<div class=\"elementor-widget-container\">\n\t\t\t<style>\/*! elementor - v3.6.7 - 03-07-2022 *\/\n.elementor-widget-text-editor.elementor-drop-cap-view-stacked .elementor-drop-cap{background-color:#818a91;color:#fff}.elementor-widget-text-editor.elementor-drop-cap-view-framed .elementor-drop-cap{color:#818a91;border:3px solid;background-color:transparent}.elementor-widget-text-editor:not(.elementor-drop-cap-view-default) .elementor-drop-cap{margin-top:8px}.elementor-widget-text-editor:not(.elementor-drop-cap-view-default) .elementor-drop-cap-letter{width:1em;height:1em}.elementor-widget-text-editor .elementor-drop-cap{float:left;text-align:center;line-height:1;font-size:50px}.elementor-widget-text-editor .elementor-drop-cap-letter{display:inline-block}<\/style>\t\t\t\t<h3 style=\"text-align: center;\">Acto de Jura y Colaci\u00f3n de Grados &#8211; 9 de mayo de 2014<\/h3><p><span class=\"fbPhotoCaptionText\">El d\u00eda viernes 9 de mayo de 2014 se llev\u00f3 a cabo un nuevo Acto de Jura y Entrega de Diplomas de la Facultad de Inform\u00e1tica.<\/span><\/p><p><strong>Felicitamos a los nuevos egresados:<br \/><\/strong><\/p><ul><li><span class=\"fbPhotoCaptionText\"> Licenciado en Ciencias de la Computaci\u00f3n: Javier Roberto CARRON<\/span><\/li><li><span class=\"fbPhotoCaptionText\"> Licenciado en Ciencias de la Computaci\u00f3n: Renzo Arnaldo GARCIA<\/span><\/li><li><span class=\"fbPhotoCaptionText\"> Licenciado en Ciencias de la Computaci\u00f3n: Juan Diego DI NARDO<\/span><\/li><li><span class=\"fbPhotoCaptionText\"> Licenciado en Ciencias de la Computaci\u00f3n: Daniel Enrique TREVISANI<\/span><\/li><li><span class=\"fbPhotoCaptionText\"> Analista en Computaci\u00f3n: Silvana Soledad CANUTO CA\u00d1ETE<\/span><\/li><li><span class=\"fbPhotoCaptionText\"> Analista en Computaci\u00f3n: Rodrigo Sebasti\u00e1n CA\u00d1IBANO<\/span><\/li><li><span class=\"fbPhotoCaptionText\"> Analista en Computaci\u00f3n: Daniel Osvaldo DEVE<\/span><\/li><li><span class=\"fbPhotoCaptionText\"> Analista en Computaci\u00f3n: Gladys Beatriz GOMEZ<\/span><\/li><li><span class=\"fbPhotoCaptionText\"> Analista en Computaci\u00f3n: Juan Manuel RELLOSO<\/span><\/li><li><span class=\"fbPhotoCaptionText\"> Analista en Computaci\u00f3n: Sebastian Matias SOTOMAYOR GIUSTI<\/span><\/li><li><span class=\"fbPhotoCaptionText\"> Analista en Computaci\u00f3n: Gerardo Dami\u00e1n VELAZQUEZ<\/span><\/li><li><span class=\"fbPhotoCaptionText\"> Analista en Computaci\u00f3n: Estefan\u00eda ZURBRIGK<\/span><\/li><li><span class=\"fbPhotoCaptionText\"> Tecnica Superior en Base de Datos: Valeria In\u00e9s BOLLO<\/span><\/li><li><span class=\"fbPhotoCaptionText\"> Tecnico Superior en Programaci\u00f3n y Base de Datos: Nicol\u00e1s Ruben SIEBEN<\/span><\/li><li><span class=\"fbPhotoCaptionText\"> Tecnico Superior en Desarrollo de Aplicaciones Web: Lucas Nicolas COLANTUONO<\/span><\/li><li><span class=\"fbPhotoCaptionText\"> Tecnico Superior en Desarrollo de Aplicaciones Web: Marcelo Ruben CHACO<\/span><\/li><li><span class=\"fbPhotoCaptionText\"> Tecnico Superior en Desarrollo de Aplicaciones Web: Lorena Grisel GONZALEZ<\/span><\/li><li><span class=\"fbPhotoCaptionText\"> Tecnico Superior en Desarrollo de Aplicaciones Web: Matias Esteban, MILLAN<\/span><\/li><li><span class=\"fbPhotoCaptionText\"> Tecnico Superior en Desarrollo de Aplicaciones Web: Dar\u00edo Gast\u00f3n ROMERO<\/span><\/li><li><span class=\"fbPhotoCaptionText\"> Tecnico Superior en Desarrollo de Aplicaciones Web: Miguel Angel SILVA<\/span><\/li><li><span class=\"fbPhotoCaptionText\"> Tecnico Superior en Desarrollo de Aplicaciones Web: Daniel TOTH<\/span><\/li><li><span class=\"fbPhotoCaptionText\"> Tecnico Superior en Desarrollo de Aplicaciones Web: Marcelo Andres TROBBIANI<\/span><\/li><\/ul><p><span class=\"fbPhotoCaptionText\"><br \/>Tambi\u00e9n se realiz\u00f3 un reconocimiento a la docente de la Facultad <strong>Carina Fracchia<\/strong> por haber obtenido el grado de <strong>Magister en Ense\u00f1anza de Ciencias Exactas y Naturales<\/strong> con orientaci\u00f3n en Matem\u00e1tica.<\/span><\/p>\t\t\t\t\t\t<\/div>\n\t\t\t\t<\/div>\n\t\t\t\t\t<\/div>\n\t\t<\/div>\n\t\t\t\t\t\t\t<\/div>\n\t\t<\/section>\n\t\t\t\t<section class=\"elementor-section elementor-top-section elementor-element elementor-element-e53e2c4 elementor-section-boxed elementor-section-height-default elementor-section-height-default\" data-id=\"e53e2c4\" data-element_type=\"section\">\n\t\t\t\t\t\t<div class=\"elementor-container elementor-column-gap-default\">\n\t\t\t\t\t<div class=\"elementor-column elementor-col-100 elementor-top-column elementor-element elementor-element-5eb71a9\" data-id=\"5eb71a9\" data-element_type=\"column\">\n\t\t\t<div class=\"elementor-widget-wrap elementor-element-populated\">\n\t\t\t\t\t\t\t\t<div class=\"elementor-element elementor-element-e6709ab elementor-widget elementor-widget-image\" data-id=\"e6709ab\" data-element_type=\"widget\" data-widget_type=\"image.default\">\n\t\t\t\t<div class=\"elementor-widget-container\">\n\t\t\t<style>\/*! elementor - v3.6.7 - 03-07-2022 *\/\n.elementor-widget-image{text-align:center}.elementor-widget-image a{display:inline-block}.elementor-widget-image a img[src$=\".svg\"]{width:48px}.elementor-widget-image img{vertical-align:middle;display:inline-block}<\/style>\t\t\t\t\t\t\t\t\t\t\t\t<img width=\"960\" height=\"540\" src=\"https:\/\/www.fi.uncoma.edu.ar\/wp-content\/uploads\/2014\/05\/egresados-mayo-2014.jpg\" class=\"attachment-large size-large\" alt=\"\" loading=\"lazy\" srcset=\"https:\/\/www.fi.uncoma.edu.ar\/wp-content\/uploads\/2014\/05\/egresados-mayo-2014.jpg 960w, https:\/\/www.fi.uncoma.edu.ar\/wp-content\/uploads\/2014\/05\/egresados-mayo-2014-300x169.jpg 300w, https:\/\/www.fi.uncoma.edu.ar\/wp-content\/uploads\/2014\/05\/egresados-mayo-2014-768x432.jpg 768w\" sizes=\"(max-width: 960px) 100vw, 960px\" \/>\t\t\t\t\t\t\t\t\t\t\t\t\t\t\t<\/div>\n\t\t\t\t<\/div>\n\t\t\t\t\t<\/div>\n\t\t<\/div>\n\t\t\t\t\t\t\t<\/div>\n\t\t<\/section>\n\t\t\t\t<section class=\"elementor-section elementor-top-section elementor-element elementor-element-4f24778 elementor-section-boxed elementor-section-height-default elementor-section-height-default\" data-id=\"4f24778\" data-element_type=\"section\">\n\t\t\t\t\t\t<div class=\"elementor-container elementor-column-gap-default\">\n\t\t\t\t\t<div class=\"elementor-column elementor-col-100 elementor-top-column elementor-element elementor-element-7d19ff0\" data-id=\"7d19ff0\" data-element_type=\"column\">\n\t\t\t<div class=\"elementor-widget-wrap elementor-element-populated\">\n\t\t\t\t\t\t\t\t<div class=\"elementor-element elementor-element-0ac8c39 elementor-view-stacked elementor-shape-circle elementor-widget elementor-widget-icon\" data-id=\"0ac8c39\" data-element_type=\"widget\" data-widget_type=\"icon.default\">\n\t\t\t\t<div class=\"elementor-widget-container\">\n\t\t\t\t\t<div class=\"elementor-icon-wrapper\">\n\t\t\t<a class=\"elementor-icon elementor-animation-grow\" href=\"https:\/\/www.facebook.com\/media\/set\/?set=a.664048353632787.1073741833.185003921537235&#038;type=3\">\n\t\t\t<i aria-hidden=\"true\" class=\"fas fa-photo-video\"><\/i>\t\t\t<\/a>\n\t\t<\/div>\n\t\t\t\t<\/div>\n\t\t\t\t<\/div>\n\t\t\t\t<div class=\"elementor-element elementor-element-768e3b9 elementor-widget elementor-widget-heading\" data-id=\"768e3b9\" data-element_type=\"widget\" data-widget_type=\"heading.default\">\n\t\t\t\t<div class=\"elementor-widget-container\">\n\t\t\t<style>\/*! elementor - v3.6.7 - 03-07-2022 *\/\n.elementor-heading-title{padding:0;margin:0;line-height:1}.elementor-widget-heading .elementor-heading-title[class*=elementor-size-]>a{color:inherit;font-size:inherit;line-height:inherit}.elementor-widget-heading .elementor-heading-title.elementor-size-small{font-size:15px}.elementor-widget-heading .elementor-heading-title.elementor-size-medium{font-size:19px}.elementor-widget-heading .elementor-heading-title.elementor-size-large{font-size:29px}.elementor-widget-heading .elementor-heading-title.elementor-size-xl{font-size:39px}.elementor-widget-heading .elementor-heading-title.elementor-size-xxl{font-size:59px}<\/style><h5 class=\"elementor-heading-title elementor-size-default\"><a href=\"https:\/\/www.facebook.com\/media\/set\/?set=a.664048353632787.1073741833.185003921537235&#038;type=3\">Ver m\u00e1s fotos<\/a><\/h5>\t\t<\/div>\n\t\t\t\t<\/div>\n\t\t\t\t\t<\/div>\n\t\t<\/div>\n\t\t\t\t\t\t\t<\/div>\n\t\t<\/section>\n\t\t\t\t\t\t\t<\/div>\n\t\t","protected":false},"excerpt":{"rendered":"<p>Acto de Jura y Colaci\u00f3n de Grados &#8211; 9 de mayo de 2014 El d\u00eda viernes 9 de mayo de 2014 se llev\u00f3 a cabo un nuevo Acto de Jura y Entrega de Diplomas de la Facultad de Inform\u00e1tica. Felicitamos a los nuevos egresados: Licenciado en Ciencias de la Computaci\u00f3n: Javier Roberto CARRON Licenciado en &hellip;<\/p>\n<p class=\"read-more\"> <a class=\"\" href=\"https:\/\/www.fi.uncoma.edu.ar\/index.php\/academica\/colaciones-de-grado\/acto-de-jura-y-colacion-de-grados-mayo-2014\/\"> <span class=\"screen-reader-text\">Acto de Jura y Colaci\u00f3n de Grados &#8211; Mayo 2014<\/span> Leer m\u00e1s &raquo;<\/a><\/p>\n","protected":false},"author":1,"featured_media":7064,"comment_status":"closed","ping_status":"open","sticky":false,"template":"","format":"standard","meta":{"site-sidebar-layout":"default","site-content-layout":"default","ast-global-header-display":"","ast-main-header-display":"","ast-hfb-above-header-display":"","ast-hfb-below-header-display":"","ast-hfb-mobile-header-display":"","site-post-title":"","ast-breadcrumbs-content":"","ast-featured-img":"","footer-sml-layout":"","theme-transparent-header-meta":"","adv-header-id-meta":"","stick-header-meta":"","header-above-stick-meta":"","header-main-stick-meta":"","header-below-stick-meta":""},"categories":[15],"tags":[],"uagb_featured_image_src":{"full":["https:\/\/www.fi.uncoma.edu.ar\/wp-content\/uploads\/2014\/05\/egresados-mayo-2014.jpg",960,540,false],"thumbnail":["https:\/\/www.fi.uncoma.edu.ar\/wp-content\/uploads\/2014\/05\/egresados-mayo-2014-150x150.jpg",150,150,true],"medium":["https:\/\/www.fi.uncoma.edu.ar\/wp-content\/uploads\/2014\/05\/egresados-mayo-2014-300x169.jpg",300,169,true],"medium_large":["https:\/\/www.fi.uncoma.edu.ar\/wp-content\/uploads\/2014\/05\/egresados-mayo-2014-768x432.jpg",768,432,true],"large":["https:\/\/www.fi.uncoma.edu.ar\/wp-content\/uploads\/2014\/05\/egresados-mayo-2014.jpg",960,540,false],"1536x1536":["https:\/\/www.fi.uncoma.edu.ar\/wp-content\/uploads\/2014\/05\/egresados-mayo-2014.jpg",960,540,false],"2048x2048":["https:\/\/www.fi.uncoma.edu.ar\/wp-content\/uploads\/2014\/05\/egresados-mayo-2014.jpg",960,540,false]},"uagb_author_info":{"display_name":"ufai","author_link":"https:\/\/www.fi.uncoma.edu.ar\/index.php\/author\/ufai\/"},"uagb_comment_info":0,"uagb_excerpt":"Acto de Jura y Colaci\u00f3n de Grados &#8211; 9 de mayo de 2014 El d\u00eda viernes 9 de mayo de 2014 se llev\u00f3 a cabo un nuevo Acto de Jura y Entrega de Diplomas de la Facultad de Inform\u00e1tica. Felicitamos a los nuevos egresados: Licenciado en Ciencias de la Computaci\u00f3n: Javier Roberto CARRON Licenciado en&hellip;","_links":{"self":[{"href":"https:\/\/www.fi.uncoma.edu.ar\/index.php\/wp-json\/wp\/v2\/posts\/58"}],"collection":[{"href":"https:\/\/www.fi.uncoma.edu.ar\/index.php\/wp-json\/wp\/v2\/posts"}],"about":[{"href":"https:\/\/www.fi.uncoma.edu.ar\/index.php\/wp-json\/wp\/v2\/types\/post"}],"author":[{"embeddable":true,"href":"https:\/\/www.fi.uncoma.edu.ar\/index.php\/wp-json\/wp\/v2\/users\/1"}],"replies":[{"embeddable":true,"href":"https:\/\/www.fi.uncoma.edu.ar\/index.php\/wp-json\/wp\/v2\/comments?post=58"}],"version-history":[{"count":24,"href":"https:\/\/www.fi.uncoma.edu.ar\/index.php\/wp-json\/wp\/v2\/posts\/58\/revisions"}],"predecessor-version":[{"id":7094,"href":"https:\/\/www.fi.uncoma.edu.ar\/index.php\/wp-json\/wp\/v2\/posts\/58\/revisions\/7094"}],"wp:featuredmedia":[{"embeddable":true,"href":"https:\/\/www.fi.uncoma.edu.ar\/index.php\/wp-json\/wp\/v2\/media\/7064"}],"wp:attachment":[{"href":"https:\/\/www.fi.uncoma.edu.ar\/index.php\/wp-json\/wp\/v2\/media?parent=58"}],"wp:term":[{"taxonomy":"category","embeddable":true,"href":"https:\/\/www.fi.uncoma.edu.ar\/index.php\/wp-json\/wp\/v2\/categories?post=58"},{"taxonomy":"post_tag","embeddable":true,"href":"https:\/\/www.fi.uncoma.edu.ar\/index.php\/wp-json\/wp\/v2\/tags?post=58"}],"curies":[{"name":"wp","href":"https:\/\/api.w.org\/{rel}","templated":true}]}}